{"id":231,"date":"2024-02-18T17:59:31","date_gmt":"2024-02-18T16:59:31","guid":{"rendered":"https:\/\/ny.argaladei.nu\/?p=231"},"modified":"2024-02-18T17:59:33","modified_gmt":"2024-02-18T16:59:33","slug":"karin-bengtsson-en-veckas-bygemenskap-sa-enkelt","status":"publish","type":"post","link":"https:\/\/ny.argaladei.nu\/?p=231","title":{"rendered":"Karin Bengtsson : En veckas bygemenskap &#8211; s\u00e5 enkelt!"},"content":{"rendered":"\n<p><br>Reflektioner efter min f\u00f6rsta l\u00e4gervecka.<br>Jag deltog i juli 2018 f\u00f6r f\u00f6rsta g\u00e5ngen p\u00e5 ett Argaladeiarrangemang, familjel\u00e4gerveckan i Bj\u00f6rn\u00f6 naturreservat. F\u00f6rsta g\u00e5ngen jag h\u00f6rde talas om Argaladei tror jag var 1978. Jag gick ekologilinjen p\u00e5 Samernas folkh\u00f6gskola i Jokkmokk och n\u00e5gra av mina klasskamrater var argaladeiare. Jag blev d\u00e5 aldrig riktigt klok p\u00e5 vad Argaladei egentligen handlade om, men nu, vid 60 \u00e5rs \u00e5lder, skulle jag allts\u00e5 f\u00e5 egen erfarenhet.<\/p>\n\n\n\n<p>Jag kom till l\u00e4gret med b\u00e4sta m\u00f6jliga f\u00f6ruts\u00e4ttningar &#8211; jag hade inte n\u00e5gra f\u00f6rv\u00e4ntningar alls. Jag f\u00f6ljde med min dotter \u00c5sas familj eftersom \u00c5sa och hennes man Frode skulle p\u00e5 br\u00f6llop mitt under l\u00e4gerveckan och beh\u00f6vde barnvakt ett drygt dygn. Jag f\u00f6ljde allts\u00e5 med f\u00f6r att jag beh\u00f6vdes, punkt slut. Visst tyckte jag det l\u00e4t intressant och roligt med en l\u00e4gervecka, men eventuellt skulle jag l\u00e4mna alltihop och \u00e5ka hem till Karlstad igen n\u00e4r \u00c5sa och Frode \u00e5terkom efter sin utflykt.<\/p>\n\n\n\n<p>Jag blev kvar. Fr\u00e5n f\u00f6rsta dagen stod det klart f\u00f6r mig att det h\u00e4r var n\u00e5got jag inte varit med om f\u00f6rut. Jag blev nyfiken, f\u00f6rundrad och helt enkelt v\u00e4ldigt glad av att delta i l\u00e4gerveckan. Tankarna snurrar \u2013 vad \u00e4r det som fascinerar mig s\u00e5? Drygt trettio personer lever och umg\u00e5s under en vecka och det \u00e4r bara vilsamt, enkelt, trevligt. Och det utvecklas en stark k\u00e4nsla av gemenskap, ja faktiskt bygemenskap f\u00f6r att anv\u00e4nda Pierres ord. Fantastiskt helt enkelt.<\/p>\n\n\n\n<p>Detta \u00e4r allts\u00e5 mina egna reflektioner, som f\u00f6rstag\u00e5ngsdeltagare. Jag vet ingenting om hur det brukar vara p\u00e5 l\u00e4gerveckorna \u2013 jag vet ju bara hur det var f\u00f6r mig. Jag f\u00f6rst\u00e5r att det l\u00e5g massor av arbete bakom, med planeringen av l\u00e4gret och utarbetande av id\u00e9er f\u00f6r hur det hela skulle fungera. F\u00f6ruts\u00e4ttningarna var ju speciella, med torka och eldningsf\u00f6rbud. Detta hanterades sedan p\u00e5 ett mycket konstruktivt s\u00e4tt \u2013 olika f\u00f6rslag bollades vid f\u00f6rsta samlingen och sedan byggdes matlagningsplatser och vi kom \u00f6verens om ett gemensamt f\u00f6rh\u00e5llningss\u00e4tt. Utan en massa tjafs, det bara funkade.<\/p>\n\n\n\n<p>Tillit ser jag som ett centralt tema f\u00f6r hela veckan. Det var enkelt att vara med. N\u00e4r n\u00e5got skulle best\u00e4mmas s\u00e5 togs det upp vid morgon- eller kv\u00e4llssamlingen \u2013 olika synpunkter ventilerades, allas r\u00f6ster blev h\u00f6rda. Och sen best\u00e4mdes n\u00e5got. Eller inte. Ibland var det verkligen sv\u00e5rt att veta om vi fattat n\u00e5got beslut. Men sj\u00e4lva grejen \u00e4r att det gjorde ingenting, alla visste att det skulle l\u00f6sa sig, vilket det ocks\u00e5 gjorde \u2013 n\u00e5got blev det och det blev bra. N\u00e5gonstans var det en optimal organisation \u2013 exakt r\u00e4tt niv\u00e5 av struktur och ordning \u2013 inte f\u00f6r mycket och inte f\u00f6r litet. Allt bars av allas sj\u00e4lvklara och konstruktiva inst\u00e4llning till det gemensamma.<\/p>\n\n\n\n<p>Kanske mina erfarenheter b\u00e4st kan sammanfattas i ordet Enkelt. Att det kan vara s\u00e5 enkelt att leva drygt trettio personer tillsammans i en vecka. Det skulle gr\u00e4vas kompostgropar, dassen skulle t\u00f6mmas varje dag, arrangemanget kring brands\u00e4ker matlagning i en knastertorr milj\u00f6 skulle fungera. Jag f\u00f6rst\u00e5r att en viktig grund f\u00f6r enkelheten \u00e4r att det finns en sedan tidigare gemensam f\u00f6rst\u00e5else och en gemensam inst\u00e4llning till hela arrangemanget. Men som helt ny deltagare kan jag konstatera att det ocks\u00e5 var enkelt att k\u00e4nna sig som en del av det gemensamma.<\/p>\n\n\n\n<p>Det gemensamma ja. Det var ju det. En grundinst\u00e4llning av generositet, av att sj\u00e4lvklart dela med sig av sina kunskaper om paddling, kl\u00e4ttring, jonglering, ulltovning eller n\u00e5got annat. Allt var \u00f6ppet f\u00f6r alla intresserade, det fanns gott om m\u00f6jligheter att skaffa sig erfarenheter av alldeles nya aktiviteter, utan n\u00e5gra som helst krav p\u00e5 prestation. S\u00e5 v\u00e4lg\u00f6rande. Och f\u00f6r att \u00e5terknyta till det d\u00e4r med byk\u00e4nslan \u2013 s\u00e5 h\u00e4ftigt med alla m\u00f6ten mellan oss alla, helt nya eller gamla bekantskaper, alla \u00e5ldrar. Det \u00e4r ju s\u00e5 h\u00e4r man ska ha det n\u00e4r man v\u00e4xer upp, t\u00e4nker jag \u2013 vi har alla h\u00f6rt att det kr\u00e4vs en by f\u00f6r att uppfostra ett barn \u2013 och n\u00e5got av det fick vi fatt i under veckan, genom att alla sj\u00e4lvklart s\u00e5g till allas behov, bistod den som beh\u00f6vde hj\u00e4lp och f\u00f6rde intressanta samtal med den som ville, om det s\u00e5 handlade om l\u00e4rares arbetsf\u00f6rh\u00e5llanden, om paddlingsteknik eller om Batman.<\/p>\n\n\n\n<p>Nej, det \u00e4r inget som skaver efter den h\u00e4r veckan. Det finns s\u00e4kert en hel massa komplexitet som g\u00e5tt mig f\u00f6rbi, men jag njuter av och lever l\u00e4nge p\u00e5 mina erfarenheter av min f\u00f6rsta l\u00e4gervecka. F\u00e4stingar kan jag ju inte ge Argaladei skulden f\u00f6r.<\/p>\n\n\n\n<p>Tack alla f\u00f6r en h\u00e4rlig vecka! Karin Bengtsson, Karlstad<\/p>\n","protected":false},"excerpt":{"rendered":"<p>Reflektioner efter min f\u00f6rsta l\u00e4gervecka.Jag deltog i juli 2018 f\u00f6r f\u00f6rsta g\u00e5ngen p\u00e5 ett Argaladeiarrangemang, familjel\u00e4gerveckan i Bj\u00f6rn\u00f6 naturreservat. F\u00f6rsta g\u00e5ngen jag h\u00f6rde talas om Argaladei tror jag var 1978. Jag gick ekologilinjen p\u00e5 Samernas folkh\u00f6gskola i Jokkmokk och n\u00e5gra av mina klasskamrater var argaladeiare. Jag blev d\u00e5 aldrig riktigt klok p\u00e5 vad Argaladei egentligen &hellip; <\/p>\n<p class=\"link-more\"><a href=\"https:\/\/ny.argaladei.nu\/?p=231\" class=\"more-link\">L\u00e4s mer<span class=\"screen-reader-text\"> \u201dKarin Bengtsson : En veckas bygemenskap &#8211; s\u00e5 enkelt!\u201d<\/span><\/a><\/p>\n","protected":false},"author":1,"featured_media":99,"comment_status":"open","ping_status":"open","sticky":false,"template":"","format":"standard","meta":{"footnotes":""},"categories":[9],"tags":[],"yoast_head":"<!-- This site is optimized with the Yoast SEO plugin v23.3 - https:\/\/yoast.com\/wordpress\/plugins\/seo\/ -->\n<title>Karin Bengtsson : En veckas bygemenskap - s\u00e5 enkelt! - Argaladei<\/title>\n<meta name=\"robots\" content=\"index, follow, max-snippet:-1, max-image-preview:large, max-video-preview:-1\" \/>\n<link rel=\"canonical\" href=\"https:\/\/ny.argaladei.nu\/?p=231\" \/>\n<meta property=\"og:locale\" content=\"sv_SE\" \/>\n<meta property=\"og:type\" content=\"article\" \/>\n<meta property=\"og:title\" content=\"Karin Bengtsson : En veckas bygemenskap - s\u00e5 enkelt! - Argaladei\" \/>\n<meta property=\"og:description\" content=\"Reflektioner efter min f\u00f6rsta l\u00e4gervecka.Jag deltog i juli 2018 f\u00f6r f\u00f6rsta g\u00e5ngen p\u00e5 ett Argaladeiarrangemang, familjel\u00e4gerveckan i Bj\u00f6rn\u00f6 naturreservat. F\u00f6rsta g\u00e5ngen jag h\u00f6rde talas om Argaladei tror jag var 1978. Jag gick ekologilinjen p\u00e5 Samernas folkh\u00f6gskola i Jokkmokk och n\u00e5gra av mina klasskamrater var argaladeiare. Jag blev d\u00e5 aldrig riktigt klok p\u00e5 vad Argaladei egentligen &hellip; L\u00e4s mer \u201dKarin Bengtsson : En veckas bygemenskap &#8211; s\u00e5 enkelt!\u201d\" \/>\n<meta property=\"og:url\" content=\"https:\/\/ny.argaladei.nu\/?p=231\" \/>\n<meta property=\"og:site_name\" content=\"Argaladei\" \/>\n<meta property=\"article:publisher\" content=\"https:\/\/www.facebook.com\/profile.php?id=100064881722220\" \/>\n<meta property=\"article:published_time\" content=\"2024-02-18T16:59:31+00:00\" \/>\n<meta property=\"article:modified_time\" content=\"2024-02-18T16:59:33+00:00\" \/>\n<meta property=\"og:image\" content=\"https:\/\/ny.argaladei.nu\/wp-content\/uploads\/2024\/02\/Battavlning-1-scaled.jpg\" \/>\n\t<meta property=\"og:image:width\" content=\"2560\" \/>\n\t<meta property=\"og:image:height\" content=\"1440\" \/>\n\t<meta property=\"og:image:type\" content=\"image\/jpeg\" \/>\n<meta name=\"author\" content=\"Ken\" \/>\n<meta name=\"twitter:card\" content=\"summary_large_image\" \/>\n<meta name=\"twitter:label1\" content=\"Skriven av\" \/>\n\t<meta name=\"twitter:data1\" content=\"Ken\" \/>\n\t<meta name=\"twitter:label2\" content=\"Ber\u00e4knad l\u00e4stid\" \/>\n\t<meta name=\"twitter:data2\" content=\"4 minuter\" \/>\n<script type=\"application\/ld+json\" class=\"yoast-schema-graph\">{\"@context\":\"https:\/\/schema.org\",\"@graph\":[{\"@type\":\"Article\",\"@id\":\"https:\/\/ny.argaladei.nu\/?p=231#article\",\"isPartOf\":{\"@id\":\"https:\/\/ny.argaladei.nu\/?p=231\"},\"author\":{\"name\":\"Ken\",\"@id\":\"https:\/\/ny.argaladei.nu\/#\/schema\/person\/3cb520c16f79f94055b8fab65b3b6afa\"},\"headline\":\"Karin Bengtsson : En veckas bygemenskap &#8211; s\u00e5 enkelt!\",\"datePublished\":\"2024-02-18T16:59:31+00:00\",\"dateModified\":\"2024-02-18T16:59:33+00:00\",\"mainEntityOfPage\":{\"@id\":\"https:\/\/ny.argaladei.nu\/?p=231\"},\"wordCount\":866,\"commentCount\":0,\"publisher\":{\"@id\":\"https:\/\/ny.argaladei.nu\/#organization\"},\"image\":{\"@id\":\"https:\/\/ny.argaladei.nu\/?p=231#primaryimage\"},\"thumbnailUrl\":\"https:\/\/ny.argaladei.nu\/wp-content\/uploads\/2024\/02\/Battavlning-1-scaled.jpg\",\"articleSection\":[\"Ber\u00e4ttelserna\"],\"inLanguage\":\"sv-SE\",\"potentialAction\":[{\"@type\":\"CommentAction\",\"name\":\"Comment\",\"target\":[\"https:\/\/ny.argaladei.nu\/?p=231#respond\"]}]},{\"@type\":\"WebPage\",\"@id\":\"https:\/\/ny.argaladei.nu\/?p=231\",\"url\":\"https:\/\/ny.argaladei.nu\/?p=231\",\"name\":\"Karin Bengtsson : En veckas bygemenskap - s\u00e5 enkelt! - Argaladei\",\"isPartOf\":{\"@id\":\"https:\/\/ny.argaladei.nu\/#website\"},\"primaryImageOfPage\":{\"@id\":\"https:\/\/ny.argaladei.nu\/?p=231#primaryimage\"},\"image\":{\"@id\":\"https:\/\/ny.argaladei.nu\/?p=231#primaryimage\"},\"thumbnailUrl\":\"https:\/\/ny.argaladei.nu\/wp-content\/uploads\/2024\/02\/Battavlning-1-scaled.jpg\",\"datePublished\":\"2024-02-18T16:59:31+00:00\",\"dateModified\":\"2024-02-18T16:59:33+00:00\",\"breadcrumb\":{\"@id\":\"https:\/\/ny.argaladei.nu\/?p=231#breadcrumb\"},\"inLanguage\":\"sv-SE\",\"potentialAction\":[{\"@type\":\"ReadAction\",\"target\":[\"https:\/\/ny.argaladei.nu\/?p=231\"]}]},{\"@type\":\"ImageObject\",\"inLanguage\":\"sv-SE\",\"@id\":\"https:\/\/ny.argaladei.nu\/?p=231#primaryimage\",\"url\":\"https:\/\/ny.argaladei.nu\/wp-content\/uploads\/2024\/02\/Battavlning-1-scaled.jpg\",\"contentUrl\":\"https:\/\/ny.argaladei.nu\/wp-content\/uploads\/2024\/02\/Battavlning-1-scaled.jpg\",\"width\":2560,\"height\":1440},{\"@type\":\"BreadcrumbList\",\"@id\":\"https:\/\/ny.argaladei.nu\/?p=231#breadcrumb\",\"itemListElement\":[{\"@type\":\"ListItem\",\"position\":1,\"name\":\"Home\",\"item\":\"https:\/\/ny.argaladei.nu\/\"},{\"@type\":\"ListItem\",\"position\":2,\"name\":\"Karin Bengtsson : En veckas bygemenskap &#8211; s\u00e5 enkelt!\"}]},{\"@type\":\"WebSite\",\"@id\":\"https:\/\/ny.argaladei.nu\/#website\",\"url\":\"https:\/\/ny.argaladei.nu\/\",\"name\":\"Argaladei\",\"description\":\"Friluftsliv - en livsstil\",\"publisher\":{\"@id\":\"https:\/\/ny.argaladei.nu\/#organization\"},\"potentialAction\":[{\"@type\":\"SearchAction\",\"target\":{\"@type\":\"EntryPoint\",\"urlTemplate\":\"https:\/\/ny.argaladei.nu\/?s={search_term_string}\"},\"query-input\":\"required name=search_term_string\"}],\"inLanguage\":\"sv-SE\"},{\"@type\":\"Organization\",\"@id\":\"https:\/\/ny.argaladei.nu\/#organization\",\"name\":\"Argaladei\",\"url\":\"https:\/\/ny.argaladei.nu\/\",\"logo\":{\"@type\":\"ImageObject\",\"inLanguage\":\"sv-SE\",\"@id\":\"https:\/\/ny.argaladei.nu\/#\/schema\/logo\/image\/\",\"url\":\"https:\/\/ny.argaladei.nu\/wp-content\/uploads\/2023\/09\/Argaladei_Logo.png\",\"contentUrl\":\"https:\/\/ny.argaladei.nu\/wp-content\/uploads\/2023\/09\/Argaladei_Logo.png\",\"width\":800,\"height\":778,\"caption\":\"Argaladei\"},\"image\":{\"@id\":\"https:\/\/ny.argaladei.nu\/#\/schema\/logo\/image\/\"},\"sameAs\":[\"https:\/\/www.facebook.com\/profile.php?id=100064881722220\"]},{\"@type\":\"Person\",\"@id\":\"https:\/\/ny.argaladei.nu\/#\/schema\/person\/3cb520c16f79f94055b8fab65b3b6afa\",\"name\":\"Ken\",\"image\":{\"@type\":\"ImageObject\",\"inLanguage\":\"sv-SE\",\"@id\":\"https:\/\/ny.argaladei.nu\/#\/schema\/person\/image\/\",\"url\":\"https:\/\/secure.gravatar.com\/avatar\/a10ad07065ce57a7fe28adeb170cdd09?s=96&d=mm&r=g\",\"contentUrl\":\"https:\/\/secure.gravatar.com\/avatar\/a10ad07065ce57a7fe28adeb170cdd09?s=96&d=mm&r=g\",\"caption\":\"Ken\"},\"sameAs\":[\"https:\/\/ny.argaladei.nu\"],\"url\":\"https:\/\/ny.argaladei.nu\/?author=1\"}]}<\/script>\n<!-- \/ Yoast SEO plugin. -->","yoast_head_json":{"title":"Karin Bengtsson : En veckas bygemenskap - s\u00e5 enkelt! - Argaladei","robots":{"index":"index","follow":"follow","max-snippet":"max-snippet:-1","max-image-preview":"max-image-preview:large","max-video-preview":"max-video-preview:-1"},"canonical":"https:\/\/ny.argaladei.nu\/?p=231","og_locale":"sv_SE","og_type":"article","og_title":"Karin Bengtsson : En veckas bygemenskap - s\u00e5 enkelt! - Argaladei","og_description":"Reflektioner efter min f\u00f6rsta l\u00e4gervecka.Jag deltog i juli 2018 f\u00f6r f\u00f6rsta g\u00e5ngen p\u00e5 ett Argaladeiarrangemang, familjel\u00e4gerveckan i Bj\u00f6rn\u00f6 naturreservat. F\u00f6rsta g\u00e5ngen jag h\u00f6rde talas om Argaladei tror jag var 1978. Jag gick ekologilinjen p\u00e5 Samernas folkh\u00f6gskola i Jokkmokk och n\u00e5gra av mina klasskamrater var argaladeiare. Jag blev d\u00e5 aldrig riktigt klok p\u00e5 vad Argaladei egentligen &hellip; L\u00e4s mer \u201dKarin Bengtsson : En veckas bygemenskap &#8211; s\u00e5 enkelt!\u201d","og_url":"https:\/\/ny.argaladei.nu\/?p=231","og_site_name":"Argaladei","article_publisher":"https:\/\/www.facebook.com\/profile.php?id=100064881722220","article_published_time":"2024-02-18T16:59:31+00:00","article_modified_time":"2024-02-18T16:59:33+00:00","og_image":[{"width":2560,"height":1440,"url":"https:\/\/ny.argaladei.nu\/wp-content\/uploads\/2024\/02\/Battavlning-1-scaled.jpg","type":"image\/jpeg"}],"author":"Ken","twitter_card":"summary_large_image","twitter_misc":{"Skriven av":"Ken","Ber\u00e4knad l\u00e4stid":"4 minuter"},"schema":{"@context":"https:\/\/schema.org","@graph":[{"@type":"Article","@id":"https:\/\/ny.argaladei.nu\/?p=231#article","isPartOf":{"@id":"https:\/\/ny.argaladei.nu\/?p=231"},"author":{"name":"Ken","@id":"https:\/\/ny.argaladei.nu\/#\/schema\/person\/3cb520c16f79f94055b8fab65b3b6afa"},"headline":"Karin Bengtsson : En veckas bygemenskap &#8211; s\u00e5 enkelt!","datePublished":"2024-02-18T16:59:31+00:00","dateModified":"2024-02-18T16:59:33+00:00","mainEntityOfPage":{"@id":"https:\/\/ny.argaladei.nu\/?p=231"},"wordCount":866,"commentCount":0,"publisher":{"@id":"https:\/\/ny.argaladei.nu\/#organization"},"image":{"@id":"https:\/\/ny.argaladei.nu\/?p=231#primaryimage"},"thumbnailUrl":"https:\/\/ny.argaladei.nu\/wp-content\/uploads\/2024\/02\/Battavlning-1-scaled.jpg","articleSection":["Ber\u00e4ttelserna"],"inLanguage":"sv-SE","potentialAction":[{"@type":"CommentAction","name":"Comment","target":["https:\/\/ny.argaladei.nu\/?p=231#respond"]}]},{"@type":"WebPage","@id":"https:\/\/ny.argaladei.nu\/?p=231","url":"https:\/\/ny.argaladei.nu\/?p=231","name":"Karin Bengtsson : En veckas bygemenskap - s\u00e5 enkelt! - Argaladei","isPartOf":{"@id":"https:\/\/ny.argaladei.nu\/#website"},"primaryImageOfPage":{"@id":"https:\/\/ny.argaladei.nu\/?p=231#primaryimage"},"image":{"@id":"https:\/\/ny.argaladei.nu\/?p=231#primaryimage"},"thumbnailUrl":"https:\/\/ny.argaladei.nu\/wp-content\/uploads\/2024\/02\/Battavlning-1-scaled.jpg","datePublished":"2024-02-18T16:59:31+00:00","dateModified":"2024-02-18T16:59:33+00:00","breadcrumb":{"@id":"https:\/\/ny.argaladei.nu\/?p=231#breadcrumb"},"inLanguage":"sv-SE","potentialAction":[{"@type":"ReadAction","target":["https:\/\/ny.argaladei.nu\/?p=231"]}]},{"@type":"ImageObject","inLanguage":"sv-SE","@id":"https:\/\/ny.argaladei.nu\/?p=231#primaryimage","url":"https:\/\/ny.argaladei.nu\/wp-content\/uploads\/2024\/02\/Battavlning-1-scaled.jpg","contentUrl":"https:\/\/ny.argaladei.nu\/wp-content\/uploads\/2024\/02\/Battavlning-1-scaled.jpg","width":2560,"height":1440},{"@type":"BreadcrumbList","@id":"https:\/\/ny.argaladei.nu\/?p=231#breadcrumb","itemListElement":[{"@type":"ListItem","position":1,"name":"Home","item":"https:\/\/ny.argaladei.nu\/"},{"@type":"ListItem","position":2,"name":"Karin Bengtsson : En veckas bygemenskap &#8211; s\u00e5 enkelt!"}]},{"@type":"WebSite","@id":"https:\/\/ny.argaladei.nu\/#website","url":"https:\/\/ny.argaladei.nu\/","name":"Argaladei","description":"Friluftsliv - en livsstil","publisher":{"@id":"https:\/\/ny.argaladei.nu\/#organization"},"potentialAction":[{"@type":"SearchAction","target":{"@type":"EntryPoint","urlTemplate":"https:\/\/ny.argaladei.nu\/?s={search_term_string}"},"query-input":"required name=search_term_string"}],"inLanguage":"sv-SE"},{"@type":"Organization","@id":"https:\/\/ny.argaladei.nu\/#organization","name":"Argaladei","url":"https:\/\/ny.argaladei.nu\/","logo":{"@type":"ImageObject","inLanguage":"sv-SE","@id":"https:\/\/ny.argaladei.nu\/#\/schema\/logo\/image\/","url":"https:\/\/ny.argaladei.nu\/wp-content\/uploads\/2023\/09\/Argaladei_Logo.png","contentUrl":"https:\/\/ny.argaladei.nu\/wp-content\/uploads\/2023\/09\/Argaladei_Logo.png","width":800,"height":778,"caption":"Argaladei"},"image":{"@id":"https:\/\/ny.argaladei.nu\/#\/schema\/logo\/image\/"},"sameAs":["https:\/\/www.facebook.com\/profile.php?id=100064881722220"]},{"@type":"Person","@id":"https:\/\/ny.argaladei.nu\/#\/schema\/person\/3cb520c16f79f94055b8fab65b3b6afa","name":"Ken","image":{"@type":"ImageObject","inLanguage":"sv-SE","@id":"https:\/\/ny.argaladei.nu\/#\/schema\/person\/image\/","url":"https:\/\/secure.gravatar.com\/avatar\/a10ad07065ce57a7fe28adeb170cdd09?s=96&d=mm&r=g","contentUrl":"https:\/\/secure.gravatar.com\/avatar\/a10ad07065ce57a7fe28adeb170cdd09?s=96&d=mm&r=g","caption":"Ken"},"sameAs":["https:\/\/ny.argaladei.nu"],"url":"https:\/\/ny.argaladei.nu\/?author=1"}]}},"_links":{"self":[{"href":"https:\/\/ny.argaladei.nu\/index.php?rest_route=\/wp\/v2\/posts\/231"}],"collection":[{"href":"https:\/\/ny.argaladei.nu\/index.php?rest_route=\/wp\/v2\/posts"}],"about":[{"href":"https:\/\/ny.argaladei.nu\/index.php?rest_route=\/wp\/v2\/types\/post"}],"author":[{"embeddable":true,"href":"https:\/\/ny.argaladei.nu\/index.php?rest_route=\/wp\/v2\/users\/1"}],"replies":[{"embeddable":true,"href":"https:\/\/ny.argaladei.nu\/index.php?rest_route=%2Fwp%2Fv2%2Fcomments&post=231"}],"version-history":[{"count":1,"href":"https:\/\/ny.argaladei.nu\/index.php?rest_route=\/wp\/v2\/posts\/231\/revisions"}],"predecessor-version":[{"id":232,"href":"https:\/\/ny.argaladei.nu\/index.php?rest_route=\/wp\/v2\/posts\/231\/revisions\/232"}],"wp:featuredmedia":[{"embeddable":true,"href":"https:\/\/ny.argaladei.nu\/index.php?rest_route=\/wp\/v2\/media\/99"}],"wp:attachment":[{"href":"https:\/\/ny.argaladei.nu\/index.php?rest_route=%2Fwp%2Fv2%2Fmedia&parent=231"}],"wp:term":[{"taxonomy":"category","embeddable":true,"href":"https:\/\/ny.argaladei.nu\/index.php?rest_route=%2Fwp%2Fv2%2Fcategories&post=231"},{"taxonomy":"post_tag","embeddable":true,"href":"https:\/\/ny.argaladei.nu\/index.php?rest_route=%2Fwp%2Fv2%2Ftags&post=231"}],"curies":[{"name":"wp","href":"https:\/\/api.w.org\/{rel}","templated":true}]}}