{"id":495,"date":"2025-01-20T10:10:45","date_gmt":"2025-01-20T09:10:45","guid":{"rendered":"https:\/\/ny.argaladei.nu\/?p=495"},"modified":"2025-01-20T12:28:28","modified_gmt":"2025-01-20T11:28:28","slug":"argaladeis-kajakkurs-22-juli-7-augusti-1985","status":"publish","type":"post","link":"https:\/\/ny.argaladei.nu\/?p=495","title":{"rendered":"Hans Lindborg : Argaladeis kajakkurs 22 juli \u2013 7 augusti 1985"},"content":{"rendered":"\n<figure class=\"wp-block-image size-large\"><img loading=\"lazy\" decoding=\"async\" width=\"1024\" height=\"768\" src=\"https:\/\/ny.argaladei.nu\/wp-content\/uploads\/2025\/01\/DSC_2784-2-1024x768.jpg\" alt=\"\" class=\"wp-image-496\" srcset=\"https:\/\/ny.argaladei.nu\/wp-content\/uploads\/2025\/01\/DSC_2784-2-1024x768.jpg 1024w, https:\/\/ny.argaladei.nu\/wp-content\/uploads\/2025\/01\/DSC_2784-2-300x225.jpg 300w, https:\/\/ny.argaladei.nu\/wp-content\/uploads\/2025\/01\/DSC_2784-2-768x576.jpg 768w, https:\/\/ny.argaladei.nu\/wp-content\/uploads\/2025\/01\/DSC_2784-2.jpg 1400w\" sizes=\"(max-width: 1024px) 100vw, 1024px\" \/><\/figure>\n\n\n\n<p>Upptakt och samling p\u00e5 KFUM:s l\u00e4gerg\u00e5rd p\u00e5 Sparreviken.<br>Dansken Sven Ulstrup var d\u00e4r och vi fick se vissa moment av hans arbete med att tillverka en vacker gr\u00f6nl\u00e4ndsk kajak.<br>Innan vi gav oss iv\u00e4g p\u00e5 f\u00e4rd hade vi ett par dagar med mycket paddel\u00f6vningar, varav en hel del med inriktning p\u00e5 s\u00e4kerhet och olika typer av kamratr\u00e4ddning.<br>Vi delades in i mindre och grupper och resan gick sedan med bilar till Str\u00f6mstad. D\u00e4rifr\u00e5n startade vi v\u00e5r paddling s\u00f6derut. Varje grupp med sin specifika f\u00e4rdv\u00e4g tillbaka mot Sparreviken.<br>Jag kommer ih\u00e5g hur trygg jag k\u00e4nde mig i gruppen. Trots de stora vatten vi paddlade i. Kanske var det ett resultat av att vi hade tr\u00e4nat s\u00e5 pass mycket s\u00e4kerhet tillsammans.<\/p>\n\n\n\n<figure class=\"wp-block-image size-large is-resized\"><img loading=\"lazy\" decoding=\"async\" width=\"768\" height=\"1024\" src=\"https:\/\/ny.argaladei.nu\/wp-content\/uploads\/2025\/01\/DSC_2780-768x1024.jpg\" alt=\"\" class=\"wp-image-497\" style=\"width:840px;height:auto\" srcset=\"https:\/\/ny.argaladei.nu\/wp-content\/uploads\/2025\/01\/DSC_2780-768x1024.jpg 768w, https:\/\/ny.argaladei.nu\/wp-content\/uploads\/2025\/01\/DSC_2780-225x300.jpg 225w, https:\/\/ny.argaladei.nu\/wp-content\/uploads\/2025\/01\/DSC_2780.jpg 1050w\" sizes=\"(max-width: 768px) 100vw, 768px\" \/><\/figure>\n\n\n\n<p>Det finns flera starka upplevelser fr\u00e5n dessa tv\u00e5 veckor. Ett s\u00e5dant \u00e4r \u00f6verfarten till V\u00e4der\u00f6arna. Havet l\u00e5g lugnt och stilla och vi stannade till en stund mitt ute p\u00e5 \u00f6ppet vatten och bildade en flotte av v\u00e5ra kajaker. N\u00e5gra badade. S\u00e4larna tittade p\u00e5.<\/p>\n\n\n\n<p><br>Andra h\u00e4ndelser och mer dramatiska minnen \u00e4r passagen f\u00f6rbi Islandsberg med de st\u00f6kiga reflekterande v\u00e5gorna. Vi fick i krabb sj\u00f6 kompromissa med avst\u00e5nd till bergv\u00e4ggen och de stora b\u00e5tarna i farleden. Det var nog fullt adrenalinp\u00e5slag hos de flesta av oss. Jag minns att n\u00e5gon gr\u00e4t.<\/p>\n\n\n\n<figure class=\"wp-block-image size-large\"><img loading=\"lazy\" decoding=\"async\" width=\"1024\" height=\"768\" src=\"https:\/\/ny.argaladei.nu\/wp-content\/uploads\/2025\/01\/DSC_2785-1024x768.jpg\" alt=\"\" class=\"wp-image-498\" srcset=\"https:\/\/ny.argaladei.nu\/wp-content\/uploads\/2025\/01\/DSC_2785-1024x768.jpg 1024w, https:\/\/ny.argaladei.nu\/wp-content\/uploads\/2025\/01\/DSC_2785-300x225.jpg 300w, https:\/\/ny.argaladei.nu\/wp-content\/uploads\/2025\/01\/DSC_2785-768x576.jpg 768w, https:\/\/ny.argaladei.nu\/wp-content\/uploads\/2025\/01\/DSC_2785.jpg 1400w\" sizes=\"(max-width: 1024px) 100vw, 1024px\" \/><\/figure>\n\n\n\n<p>I den vida passagen strax d\u00e4refter, bland stora dyningar, k\u00e4nde jag hur jag l\u00e5ngsamt b\u00f6rjade bli sj\u00f6sjuk. Illam\u00e5ende och matthet kom smygande. Det k\u00e4ndes verkligen inte l\u00e4gligt, men jag var tvungen att fokusera.<br>Nere i de djupa v\u00e5gdalarna s\u00e5g jag ingenting f\u00f6rutom murar av m\u00f6rkt vatten. P\u00e5 dyningarnas topp kunde jag se min utspridda grupp, men \u00e4ven stora b\u00e5tar och fartyg. De skulle av allt att d\u00f6ma komma att korsa v\u00e5r f\u00e4rdriktning inom kort. I ett l\u00e4ge d\u00e5 det verkligen inte beh\u00f6vdes fler sp\u00e4nningsmoment.<\/p>\n\n\n\n<figure class=\"wp-block-image size-large is-resized\"><img loading=\"lazy\" decoding=\"async\" width=\"768\" height=\"1024\" src=\"https:\/\/ny.argaladei.nu\/wp-content\/uploads\/2025\/01\/DSC_2788-768x1024.jpg\" alt=\"\" class=\"wp-image-499\" style=\"width:840px;height:auto\" srcset=\"https:\/\/ny.argaladei.nu\/wp-content\/uploads\/2025\/01\/DSC_2788-768x1024.jpg 768w, https:\/\/ny.argaladei.nu\/wp-content\/uploads\/2025\/01\/DSC_2788-225x300.jpg 225w, https:\/\/ny.argaladei.nu\/wp-content\/uploads\/2025\/01\/DSC_2788.jpg 1050w\" sizes=\"(max-width: 768px) 100vw, 768px\" \/><\/figure>\n\n\n\n<p>Jag minns verkligen hur sk\u00f6nt det var att komma in p\u00e5 lugnt vatten. Att \u00e4ntligen f\u00e5 kliva ur kajaken, sl\u00e5 l\u00e4ger p\u00e5 den lilla \u00f6n, och l\u00e4gga sig och vila p\u00e5 fast mark.<br>I sommar \u00e4r det 40 \u00e5r sedan.<\/p>\n\n\n\n<figure class=\"wp-block-image size-large\"><img loading=\"lazy\" decoding=\"async\" width=\"1024\" height=\"682\" src=\"https:\/\/ny.argaladei.nu\/wp-content\/uploads\/2025\/01\/DSC_2795-1024x682.jpg\" alt=\"\" class=\"wp-image-500\" srcset=\"https:\/\/ny.argaladei.nu\/wp-content\/uploads\/2025\/01\/DSC_2795-1024x682.jpg 1024w, https:\/\/ny.argaladei.nu\/wp-content\/uploads\/2025\/01\/DSC_2795-300x200.jpg 300w, https:\/\/ny.argaladei.nu\/wp-content\/uploads\/2025\/01\/DSC_2795-768x512.jpg 768w, https:\/\/ny.argaladei.nu\/wp-content\/uploads\/2025\/01\/DSC_2795.jpg 1400w\" sizes=\"(max-width: 1024px) 100vw, 1024px\" \/><\/figure>\n\n\n\n<figure class=\"wp-block-image size-large is-resized\"><img loading=\"lazy\" decoding=\"async\" width=\"682\" height=\"1024\" src=\"https:\/\/ny.argaladei.nu\/wp-content\/uploads\/2025\/01\/DSC_2796-682x1024.jpg\" alt=\"\" class=\"wp-image-501\" style=\"width:840px;height:auto\" srcset=\"https:\/\/ny.argaladei.nu\/wp-content\/uploads\/2025\/01\/DSC_2796-682x1024.jpg 682w, https:\/\/ny.argaladei.nu\/wp-content\/uploads\/2025\/01\/DSC_2796-200x300.jpg 200w, https:\/\/ny.argaladei.nu\/wp-content\/uploads\/2025\/01\/DSC_2796-768x1152.jpg 768w, https:\/\/ny.argaladei.nu\/wp-content\/uploads\/2025\/01\/DSC_2796.jpg 933w\" sizes=\"(max-width: 682px) 100vw, 682px\" \/><\/figure>\n\n\n\n<figure class=\"wp-block-image size-large\"><img loading=\"lazy\" decoding=\"async\" width=\"1024\" height=\"640\" src=\"https:\/\/ny.argaladei.nu\/wp-content\/uploads\/2025\/01\/DSC_2786-2-1024x640.jpg\" alt=\"\" class=\"wp-image-502\" srcset=\"https:\/\/ny.argaladei.nu\/wp-content\/uploads\/2025\/01\/DSC_2786-2-1024x640.jpg 1024w, https:\/\/ny.argaladei.nu\/wp-content\/uploads\/2025\/01\/DSC_2786-2-300x188.jpg 300w, https:\/\/ny.argaladei.nu\/wp-content\/uploads\/2025\/01\/DSC_2786-2-768x480.jpg 768w, https:\/\/ny.argaladei.nu\/wp-content\/uploads\/2025\/01\/DSC_2786-2.jpg 1400w\" sizes=\"(max-width: 1024px) 100vw, 1024px\" \/><\/figure>\n\n\n\n<figure class=\"wp-block-image size-large is-resized\"><img loading=\"lazy\" decoding=\"async\" width=\"768\" height=\"1024\" src=\"https:\/\/ny.argaladei.nu\/wp-content\/uploads\/2025\/01\/DSC_2781-768x1024.jpg\" alt=\"\" class=\"wp-image-503\" style=\"width:840px;height:auto\" srcset=\"https:\/\/ny.argaladei.nu\/wp-content\/uploads\/2025\/01\/DSC_2781-768x1024.jpg 768w, https:\/\/ny.argaladei.nu\/wp-content\/uploads\/2025\/01\/DSC_2781-225x300.jpg 225w, https:\/\/ny.argaladei.nu\/wp-content\/uploads\/2025\/01\/DSC_2781.jpg 1050w\" sizes=\"(max-width: 768px) 100vw, 768px\" \/><\/figure>\n\n\n\n<p>\/ Hans Lindborg<\/p>\n","protected":false},"excerpt":{"rendered":"<p>Upptakt och samling p\u00e5 KFUM:s l\u00e4gerg\u00e5rd p\u00e5 Sparreviken.Dansken Sven Ulstrup var d\u00e4r och vi fick se vissa moment av hans arbete med att tillverka en vacker gr\u00f6nl\u00e4ndsk kajak.Innan vi gav oss iv\u00e4g p\u00e5 f\u00e4rd hade vi ett par dagar med mycket paddel\u00f6vningar, varav en hel del med inriktning p\u00e5 s\u00e4kerhet och olika typer av kamratr\u00e4ddning.Vi &hellip; <\/p>\n<p class=\"link-more\"><a href=\"https:\/\/ny.argaladei.nu\/?p=495\" class=\"more-link\">L\u00e4s mer<span class=\"screen-reader-text\"> \u201dHans Lindborg : Argaladeis kajakkurs 22 juli \u2013 7 augusti 1985\u201d<\/span><\/a><\/p>\n","protected":false},"author":1,"featured_media":501,"comment_status":"open","ping_status":"open","sticky":false,"template":"","format":"standard","meta":{"footnotes":""},"categories":[9],"tags":[],"yoast_head":"<!-- This site is optimized with the Yoast SEO plugin v23.3 - https:\/\/yoast.com\/wordpress\/plugins\/seo\/ -->\n<title>Hans Lindborg : Argaladeis kajakkurs 22 juli \u2013 7 augusti 1985 - Argaladei<\/title>\n<meta name=\"robots\" content=\"index, follow, max-snippet:-1, max-image-preview:large, max-video-preview:-1\" \/>\n<link rel=\"canonical\" href=\"https:\/\/ny.argaladei.nu\/?p=495\" \/>\n<meta property=\"og:locale\" content=\"sv_SE\" \/>\n<meta property=\"og:type\" content=\"article\" \/>\n<meta property=\"og:title\" content=\"Hans Lindborg : Argaladeis kajakkurs 22 juli \u2013 7 augusti 1985 - Argaladei\" \/>\n<meta property=\"og:description\" content=\"Upptakt och samling p\u00e5 KFUM:s l\u00e4gerg\u00e5rd p\u00e5 Sparreviken.Dansken Sven Ulstrup var d\u00e4r och vi fick se vissa moment av hans arbete med att tillverka en vacker gr\u00f6nl\u00e4ndsk kajak.Innan vi gav oss iv\u00e4g p\u00e5 f\u00e4rd hade vi ett par dagar med mycket paddel\u00f6vningar, varav en hel del med inriktning p\u00e5 s\u00e4kerhet och olika typer av kamratr\u00e4ddning.Vi &hellip; L\u00e4s mer \u201dHans Lindborg : Argaladeis kajakkurs 22 juli \u2013 7 augusti 1985\u201d\" \/>\n<meta property=\"og:url\" content=\"https:\/\/ny.argaladei.nu\/?p=495\" \/>\n<meta property=\"og:site_name\" content=\"Argaladei\" \/>\n<meta property=\"article:publisher\" content=\"https:\/\/www.facebook.com\/profile.php?id=100064881722220\" \/>\n<meta property=\"article:published_time\" content=\"2025-01-20T09:10:45+00:00\" \/>\n<meta property=\"article:modified_time\" content=\"2025-01-20T11:28:28+00:00\" \/>\n<meta property=\"og:image\" content=\"https:\/\/ny.argaladei.nu\/wp-content\/uploads\/2025\/01\/DSC_2796.jpg\" \/>\n\t<meta property=\"og:image:width\" content=\"933\" \/>\n\t<meta property=\"og:image:height\" content=\"1400\" \/>\n\t<meta property=\"og:image:type\" content=\"image\/jpeg\" \/>\n<meta name=\"author\" content=\"Ken\" \/>\n<meta name=\"twitter:card\" content=\"summary_large_image\" \/>\n<meta name=\"twitter:label1\" content=\"Skriven av\" \/>\n\t<meta name=\"twitter:data1\" content=\"Ken\" \/>\n\t<meta name=\"twitter:label2\" content=\"Ber\u00e4knad l\u00e4stid\" \/>\n\t<meta name=\"twitter:data2\" content=\"4 minuter\" \/>\n<script type=\"application\/ld+json\" class=\"yoast-schema-graph\">{\"@context\":\"https:\/\/schema.org\",\"@graph\":[{\"@type\":\"Article\",\"@id\":\"https:\/\/ny.argaladei.nu\/?p=495#article\",\"isPartOf\":{\"@id\":\"https:\/\/ny.argaladei.nu\/?p=495\"},\"author\":{\"name\":\"Ken\",\"@id\":\"https:\/\/ny.argaladei.nu\/#\/schema\/person\/3cb520c16f79f94055b8fab65b3b6afa\"},\"headline\":\"Hans Lindborg : Argaladeis kajakkurs 22 juli \u2013 7 augusti 1985\",\"datePublished\":\"2025-01-20T09:10:45+00:00\",\"dateModified\":\"2025-01-20T11:28:28+00:00\",\"mainEntityOfPage\":{\"@id\":\"https:\/\/ny.argaladei.nu\/?p=495\"},\"wordCount\":401,\"commentCount\":0,\"publisher\":{\"@id\":\"https:\/\/ny.argaladei.nu\/#organization\"},\"image\":{\"@id\":\"https:\/\/ny.argaladei.nu\/?p=495#primaryimage\"},\"thumbnailUrl\":\"https:\/\/ny.argaladei.nu\/wp-content\/uploads\/2025\/01\/DSC_2796.jpg\",\"articleSection\":[\"Ber\u00e4ttelserna\"],\"inLanguage\":\"sv-SE\",\"potentialAction\":[{\"@type\":\"CommentAction\",\"name\":\"Comment\",\"target\":[\"https:\/\/ny.argaladei.nu\/?p=495#respond\"]}]},{\"@type\":\"WebPage\",\"@id\":\"https:\/\/ny.argaladei.nu\/?p=495\",\"url\":\"https:\/\/ny.argaladei.nu\/?p=495\",\"name\":\"Hans Lindborg : Argaladeis kajakkurs 22 juli \u2013 7 augusti 1985 - Argaladei\",\"isPartOf\":{\"@id\":\"https:\/\/ny.argaladei.nu\/#website\"},\"primaryImageOfPage\":{\"@id\":\"https:\/\/ny.argaladei.nu\/?p=495#primaryimage\"},\"image\":{\"@id\":\"https:\/\/ny.argaladei.nu\/?p=495#primaryimage\"},\"thumbnailUrl\":\"https:\/\/ny.argaladei.nu\/wp-content\/uploads\/2025\/01\/DSC_2796.jpg\",\"datePublished\":\"2025-01-20T09:10:45+00:00\",\"dateModified\":\"2025-01-20T11:28:28+00:00\",\"breadcrumb\":{\"@id\":\"https:\/\/ny.argaladei.nu\/?p=495#breadcrumb\"},\"inLanguage\":\"sv-SE\",\"potentialAction\":[{\"@type\":\"ReadAction\",\"target\":[\"https:\/\/ny.argaladei.nu\/?p=495\"]}]},{\"@type\":\"ImageObject\",\"inLanguage\":\"sv-SE\",\"@id\":\"https:\/\/ny.argaladei.nu\/?p=495#primaryimage\",\"url\":\"https:\/\/ny.argaladei.nu\/wp-content\/uploads\/2025\/01\/DSC_2796.jpg\",\"contentUrl\":\"https:\/\/ny.argaladei.nu\/wp-content\/uploads\/2025\/01\/DSC_2796.jpg\",\"width\":933,\"height\":1400},{\"@type\":\"BreadcrumbList\",\"@id\":\"https:\/\/ny.argaladei.nu\/?p=495#breadcrumb\",\"itemListElement\":[{\"@type\":\"ListItem\",\"position\":1,\"name\":\"Home\",\"item\":\"https:\/\/ny.argaladei.nu\/\"},{\"@type\":\"ListItem\",\"position\":2,\"name\":\"Hans Lindborg : Argaladeis kajakkurs 22 juli \u2013 7 augusti 1985\"}]},{\"@type\":\"WebSite\",\"@id\":\"https:\/\/ny.argaladei.nu\/#website\",\"url\":\"https:\/\/ny.argaladei.nu\/\",\"name\":\"Argaladei\",\"description\":\"Friluftsliv - en livsstil\",\"publisher\":{\"@id\":\"https:\/\/ny.argaladei.nu\/#organization\"},\"potentialAction\":[{\"@type\":\"SearchAction\",\"target\":{\"@type\":\"EntryPoint\",\"urlTemplate\":\"https:\/\/ny.argaladei.nu\/?s={search_term_string}\"},\"query-input\":\"required name=search_term_string\"}],\"inLanguage\":\"sv-SE\"},{\"@type\":\"Organization\",\"@id\":\"https:\/\/ny.argaladei.nu\/#organization\",\"name\":\"Argaladei\",\"url\":\"https:\/\/ny.argaladei.nu\/\",\"logo\":{\"@type\":\"ImageObject\",\"inLanguage\":\"sv-SE\",\"@id\":\"https:\/\/ny.argaladei.nu\/#\/schema\/logo\/image\/\",\"url\":\"https:\/\/ny.argaladei.nu\/wp-content\/uploads\/2023\/09\/Argaladei_Logo.png\",\"contentUrl\":\"https:\/\/ny.argaladei.nu\/wp-content\/uploads\/2023\/09\/Argaladei_Logo.png\",\"width\":800,\"height\":778,\"caption\":\"Argaladei\"},\"image\":{\"@id\":\"https:\/\/ny.argaladei.nu\/#\/schema\/logo\/image\/\"},\"sameAs\":[\"https:\/\/www.facebook.com\/profile.php?id=100064881722220\"]},{\"@type\":\"Person\",\"@id\":\"https:\/\/ny.argaladei.nu\/#\/schema\/person\/3cb520c16f79f94055b8fab65b3b6afa\",\"name\":\"Ken\",\"image\":{\"@type\":\"ImageObject\",\"inLanguage\":\"sv-SE\",\"@id\":\"https:\/\/ny.argaladei.nu\/#\/schema\/person\/image\/\",\"url\":\"https:\/\/secure.gravatar.com\/avatar\/a10ad07065ce57a7fe28adeb170cdd09?s=96&d=mm&r=g\",\"contentUrl\":\"https:\/\/secure.gravatar.com\/avatar\/a10ad07065ce57a7fe28adeb170cdd09?s=96&d=mm&r=g\",\"caption\":\"Ken\"},\"sameAs\":[\"https:\/\/ny.argaladei.nu\"],\"url\":\"https:\/\/ny.argaladei.nu\/?author=1\"}]}<\/script>\n<!-- \/ Yoast SEO plugin. -->","yoast_head_json":{"title":"Hans Lindborg : Argaladeis kajakkurs 22 juli \u2013 7 augusti 1985 - Argaladei","robots":{"index":"index","follow":"follow","max-snippet":"max-snippet:-1","max-image-preview":"max-image-preview:large","max-video-preview":"max-video-preview:-1"},"canonical":"https:\/\/ny.argaladei.nu\/?p=495","og_locale":"sv_SE","og_type":"article","og_title":"Hans Lindborg : Argaladeis kajakkurs 22 juli \u2013 7 augusti 1985 - Argaladei","og_description":"Upptakt och samling p\u00e5 KFUM:s l\u00e4gerg\u00e5rd p\u00e5 Sparreviken.Dansken Sven Ulstrup var d\u00e4r och vi fick se vissa moment av hans arbete med att tillverka en vacker gr\u00f6nl\u00e4ndsk kajak.Innan vi gav oss iv\u00e4g p\u00e5 f\u00e4rd hade vi ett par dagar med mycket paddel\u00f6vningar, varav en hel del med inriktning p\u00e5 s\u00e4kerhet och olika typer av kamratr\u00e4ddning.Vi &hellip; L\u00e4s mer \u201dHans Lindborg : Argaladeis kajakkurs 22 juli \u2013 7 augusti 1985\u201d","og_url":"https:\/\/ny.argaladei.nu\/?p=495","og_site_name":"Argaladei","article_publisher":"https:\/\/www.facebook.com\/profile.php?id=100064881722220","article_published_time":"2025-01-20T09:10:45+00:00","article_modified_time":"2025-01-20T11:28:28+00:00","og_image":[{"width":933,"height":1400,"url":"https:\/\/ny.argaladei.nu\/wp-content\/uploads\/2025\/01\/DSC_2796.jpg","type":"image\/jpeg"}],"author":"Ken","twitter_card":"summary_large_image","twitter_misc":{"Skriven av":"Ken","Ber\u00e4knad l\u00e4stid":"4 minuter"},"schema":{"@context":"https:\/\/schema.org","@graph":[{"@type":"Article","@id":"https:\/\/ny.argaladei.nu\/?p=495#article","isPartOf":{"@id":"https:\/\/ny.argaladei.nu\/?p=495"},"author":{"name":"Ken","@id":"https:\/\/ny.argaladei.nu\/#\/schema\/person\/3cb520c16f79f94055b8fab65b3b6afa"},"headline":"Hans Lindborg : Argaladeis kajakkurs 22 juli \u2013 7 augusti 1985","datePublished":"2025-01-20T09:10:45+00:00","dateModified":"2025-01-20T11:28:28+00:00","mainEntityOfPage":{"@id":"https:\/\/ny.argaladei.nu\/?p=495"},"wordCount":401,"commentCount":0,"publisher":{"@id":"https:\/\/ny.argaladei.nu\/#organization"},"image":{"@id":"https:\/\/ny.argaladei.nu\/?p=495#primaryimage"},"thumbnailUrl":"https:\/\/ny.argaladei.nu\/wp-content\/uploads\/2025\/01\/DSC_2796.jpg","articleSection":["Ber\u00e4ttelserna"],"inLanguage":"sv-SE","potentialAction":[{"@type":"CommentAction","name":"Comment","target":["https:\/\/ny.argaladei.nu\/?p=495#respond"]}]},{"@type":"WebPage","@id":"https:\/\/ny.argaladei.nu\/?p=495","url":"https:\/\/ny.argaladei.nu\/?p=495","name":"Hans Lindborg : Argaladeis kajakkurs 22 juli \u2013 7 augusti 1985 - Argaladei","isPartOf":{"@id":"https:\/\/ny.argaladei.nu\/#website"},"primaryImageOfPage":{"@id":"https:\/\/ny.argaladei.nu\/?p=495#primaryimage"},"image":{"@id":"https:\/\/ny.argaladei.nu\/?p=495#primaryimage"},"thumbnailUrl":"https:\/\/ny.argaladei.nu\/wp-content\/uploads\/2025\/01\/DSC_2796.jpg","datePublished":"2025-01-20T09:10:45+00:00","dateModified":"2025-01-20T11:28:28+00:00","breadcrumb":{"@id":"https:\/\/ny.argaladei.nu\/?p=495#breadcrumb"},"inLanguage":"sv-SE","potentialAction":[{"@type":"ReadAction","target":["https:\/\/ny.argaladei.nu\/?p=495"]}]},{"@type":"ImageObject","inLanguage":"sv-SE","@id":"https:\/\/ny.argaladei.nu\/?p=495#primaryimage","url":"https:\/\/ny.argaladei.nu\/wp-content\/uploads\/2025\/01\/DSC_2796.jpg","contentUrl":"https:\/\/ny.argaladei.nu\/wp-content\/uploads\/2025\/01\/DSC_2796.jpg","width":933,"height":1400},{"@type":"BreadcrumbList","@id":"https:\/\/ny.argaladei.nu\/?p=495#breadcrumb","itemListElement":[{"@type":"ListItem","position":1,"name":"Home","item":"https:\/\/ny.argaladei.nu\/"},{"@type":"ListItem","position":2,"name":"Hans Lindborg : Argaladeis kajakkurs 22 juli \u2013 7 augusti 1985"}]},{"@type":"WebSite","@id":"https:\/\/ny.argaladei.nu\/#website","url":"https:\/\/ny.argaladei.nu\/","name":"Argaladei","description":"Friluftsliv - en livsstil","publisher":{"@id":"https:\/\/ny.argaladei.nu\/#organization"},"potentialAction":[{"@type":"SearchAction","target":{"@type":"EntryPoint","urlTemplate":"https:\/\/ny.argaladei.nu\/?s={search_term_string}"},"query-input":"required name=search_term_string"}],"inLanguage":"sv-SE"},{"@type":"Organization","@id":"https:\/\/ny.argaladei.nu\/#organization","name":"Argaladei","url":"https:\/\/ny.argaladei.nu\/","logo":{"@type":"ImageObject","inLanguage":"sv-SE","@id":"https:\/\/ny.argaladei.nu\/#\/schema\/logo\/image\/","url":"https:\/\/ny.argaladei.nu\/wp-content\/uploads\/2023\/09\/Argaladei_Logo.png","contentUrl":"https:\/\/ny.argaladei.nu\/wp-content\/uploads\/2023\/09\/Argaladei_Logo.png","width":800,"height":778,"caption":"Argaladei"},"image":{"@id":"https:\/\/ny.argaladei.nu\/#\/schema\/logo\/image\/"},"sameAs":["https:\/\/www.facebook.com\/profile.php?id=100064881722220"]},{"@type":"Person","@id":"https:\/\/ny.argaladei.nu\/#\/schema\/person\/3cb520c16f79f94055b8fab65b3b6afa","name":"Ken","image":{"@type":"ImageObject","inLanguage":"sv-SE","@id":"https:\/\/ny.argaladei.nu\/#\/schema\/person\/image\/","url":"https:\/\/secure.gravatar.com\/avatar\/a10ad07065ce57a7fe28adeb170cdd09?s=96&d=mm&r=g","contentUrl":"https:\/\/secure.gravatar.com\/avatar\/a10ad07065ce57a7fe28adeb170cdd09?s=96&d=mm&r=g","caption":"Ken"},"sameAs":["https:\/\/ny.argaladei.nu"],"url":"https:\/\/ny.argaladei.nu\/?author=1"}]}},"_links":{"self":[{"href":"https:\/\/ny.argaladei.nu\/index.php?rest_route=\/wp\/v2\/posts\/495"}],"collection":[{"href":"https:\/\/ny.argaladei.nu\/index.php?rest_route=\/wp\/v2\/posts"}],"about":[{"href":"https:\/\/ny.argaladei.nu\/index.php?rest_route=\/wp\/v2\/types\/post"}],"author":[{"embeddable":true,"href":"https:\/\/ny.argaladei.nu\/index.php?rest_route=\/wp\/v2\/users\/1"}],"replies":[{"embeddable":true,"href":"https:\/\/ny.argaladei.nu\/index.php?rest_route=%2Fwp%2Fv2%2Fcomments&post=495"}],"version-history":[{"count":4,"href":"https:\/\/ny.argaladei.nu\/index.php?rest_route=\/wp\/v2\/posts\/495\/revisions"}],"predecessor-version":[{"id":534,"href":"https:\/\/ny.argaladei.nu\/index.php?rest_route=\/wp\/v2\/posts\/495\/revisions\/534"}],"wp:featuredmedia":[{"embeddable":true,"href":"https:\/\/ny.argaladei.nu\/index.php?rest_route=\/wp\/v2\/media\/501"}],"wp:attachment":[{"href":"https:\/\/ny.argaladei.nu\/index.php?rest_route=%2Fwp%2Fv2%2Fmedia&parent=495"}],"wp:term":[{"taxonomy":"category","embeddable":true,"href":"https:\/\/ny.argaladei.nu\/index.php?rest_route=%2Fwp%2Fv2%2Fcategories&post=495"},{"taxonomy":"post_tag","embeddable":true,"href":"https:\/\/ny.argaladei.nu\/index.php?rest_route=%2Fwp%2Fv2%2Ftags&post=495"}],"curies":[{"name":"wp","href":"https:\/\/api.w.org\/{rel}","templated":true}]}}