{"id":507,"date":"2025-01-20T12:18:20","date_gmt":"2025-01-20T11:18:20","guid":{"rendered":"https:\/\/ny.argaladei.nu\/?p=507"},"modified":"2025-01-21T17:30:02","modified_gmt":"2025-01-21T16:30:02","slug":"ann-charlotte-larsson-argaladeis-sommarlager-2024","status":"publish","type":"post","link":"https:\/\/ny.argaladei.nu\/?p=507","title":{"rendered":"Ann-Charlotte Larsson : Argaladeis sommarl\u00e4ger 2024"},"content":{"rendered":"\n<p>Sommarl\u00e4gret h\u00f6lls den 6-13 juli vid Brunnshultadammen i Vetlanda kommun. Vi som arrangerade var Ken, Ann-Charlotte och Idun. Tack vare mycket hj\u00e4lp och st\u00f6ttning av Argaladeis styrelse, v\u00e5gade vi oss p\u00e5 att arrangera l\u00e4gret. Vi blev 51 personer, b\u00e5de vuxna och barn.<\/p>\n\n\n\n<p><br>Platsen hittade vi efter att vi fr\u00e5gat runt bland sl\u00e4kt och v\u00e4nner. Sm\u00e5land och Vetlanda blev valet pga att v\u00e5r sv\u00e4rsons f\u00f6r\u00e4ldrar kommer fr\u00e5n trakten. Vi sj\u00e4lva hade bara varit d\u00e4r under ett kort bes\u00f6k h\u00f6sten 2023 f\u00f6r att reka lite. N\u00e4r l\u00e4gerveckan n\u00e4rmade sig best\u00e4mde vi oss f\u00f6r att \u00e5ka n\u00e5gon dag tidigare f\u00f6r att k\u00e4nna in platsen och f\u00f6rbereda oss f\u00f6r l\u00e4gerveckan.<\/p>\n\n\n\n<figure class=\"wp-block-image size-large\"><img loading=\"lazy\" decoding=\"async\" width=\"1024\" height=\"478\" src=\"https:\/\/ny.argaladei.nu\/wp-content\/uploads\/2025\/01\/20240712_152054-1024x478.jpg\" alt=\"\" class=\"wp-image-512\" srcset=\"https:\/\/ny.argaladei.nu\/wp-content\/uploads\/2025\/01\/20240712_152054-1024x478.jpg 1024w, https:\/\/ny.argaladei.nu\/wp-content\/uploads\/2025\/01\/20240712_152054-300x140.jpg 300w, https:\/\/ny.argaladei.nu\/wp-content\/uploads\/2025\/01\/20240712_152054-768x359.jpg 768w, https:\/\/ny.argaladei.nu\/wp-content\/uploads\/2025\/01\/20240712_152054-1536x717.jpg 1536w, https:\/\/ny.argaladei.nu\/wp-content\/uploads\/2025\/01\/20240712_152054-2048x956.jpg 2048w, https:\/\/ny.argaladei.nu\/wp-content\/uploads\/2025\/01\/20240712_152054-2000x934.jpg 2000w\" sizes=\"(max-width: 1024px) 100vw, 1024px\" \/><\/figure>\n\n\n\n<p><br>L\u00e4gerplatsen var vid \u00e4nden av Brunnshultadammen i delvis uppvuxen granskog, men ocks\u00e5 vid flera nyplanteringar. Det fanns ingen stor gr\u00e4s\u00e4ng att sl\u00e5 upp t\u00e4lten p\u00e5, utan vi fick sprida ut oss ganska mycket f\u00f6r att hitta t\u00e4ltplatser. Min och Kens stora oro var att det kunde vara sv\u00e5rt att hitta bra t\u00e4ltplatser till alla, men alla hittade sin egen t\u00e4ltplats, antingen i den m\u00f6rka skogen, l\u00e4ngs en gammal skogsv\u00e4g eller ute p\u00e5 nyplanteringen.<\/p>\n\n\n<div class=\"wp-block-image\">\n<figure class=\"aligncenter size-full is-resized\"><img loading=\"lazy\" decoding=\"async\" width=\"768\" height=\"1024\" src=\"https:\/\/ny.argaladei.nu\/wp-content\/uploads\/2025\/01\/IMG_20250120_122204.jpg\" alt=\"\" class=\"wp-image-524\" style=\"width:839px;height:auto\" srcset=\"https:\/\/ny.argaladei.nu\/wp-content\/uploads\/2025\/01\/IMG_20250120_122204.jpg 768w, https:\/\/ny.argaladei.nu\/wp-content\/uploads\/2025\/01\/IMG_20250120_122204-225x300.jpg 225w\" sizes=\"(max-width: 768px) 100vw, 768px\" \/><\/figure><\/div>\n\n\n<p><br>V\u00e5r andra utmaning var hur vi skulle f\u00e5 till toaletter, vi fick n\u00e4mligen inte gr\u00e4va dassgrop och kompostgrop enligt Vetlanda kommun. Ist\u00e4llet hyrde vi tunnor av kommunen som vi skulle bygga utedass av. Dessa tunnor skulle levereras l\u00f6rdagen den 6 juli, men inga tunnor kom d\u00e5. Vi f\u00f6rs\u00f6kte kontakta kommunen, men eftersom det var helg s\u00e5 var det sv\u00e5rt. V\u00e5r plan b blev att g\u00f6ra en tillf\u00e4llig toalett tills tunnorna d\u00f6k upp m\u00e5ndag eftermiddag efter flera samtal och mail. Tillsammans byggde vi ett fint utedass en bit ifr\u00e5n sj\u00e4lva l\u00e4gerplatsen, men fortfarande p\u00e5 mark\u00e4gares mark.<\/p>\n\n\n\n<figure class=\"wp-block-image size-large\"><img loading=\"lazy\" decoding=\"async\" width=\"1024\" height=\"478\" src=\"https:\/\/ny.argaladei.nu\/wp-content\/uploads\/2025\/01\/20240709_200811-1024x478.jpg\" alt=\"\" class=\"wp-image-513\" srcset=\"https:\/\/ny.argaladei.nu\/wp-content\/uploads\/2025\/01\/20240709_200811-1024x478.jpg 1024w, https:\/\/ny.argaladei.nu\/wp-content\/uploads\/2025\/01\/20240709_200811-300x140.jpg 300w, https:\/\/ny.argaladei.nu\/wp-content\/uploads\/2025\/01\/20240709_200811-768x359.jpg 768w, https:\/\/ny.argaladei.nu\/wp-content\/uploads\/2025\/01\/20240709_200811-1536x717.jpg 1536w, https:\/\/ny.argaladei.nu\/wp-content\/uploads\/2025\/01\/20240709_200811-2048x956.jpg 2048w, https:\/\/ny.argaladei.nu\/wp-content\/uploads\/2025\/01\/20240709_200811-2000x934.jpg 2000w\" sizes=\"(max-width: 1024px) 100vw, 1024px\" \/><\/figure>\n\n\n\n<p><br>Nu var v\u00e5r st\u00f6rsta oro fixad, alla hade hittat sig en t\u00e4ltplats och l\u00e4gret hade en toalett. P\u00e5 platsen fanns redan en samlingsplats som bestod av ett bord och b\u00e4nkar av stockar, vi ordnade till en grillplats och \u00e4ven h\u00e4r hj\u00e4lptes vi deltagare \u00e5t att bygga och surra regnskydd runt l\u00e4gerelden. Den h\u00e4r samlingsplatsen blev en central punkt f\u00f6r \u00e5rets l\u00e4ger. Det fanns alltid n\u00e5gra som h\u00f6ll elden vid liv f\u00f6r att kunna laga mat, baka br\u00f6d, koka te och kaffe eller grilla. N\u00e4r man inte lagade mat vid sitt t\u00e4lt, s\u00e5 var man vid elden f\u00f6r att prata, sjunga, spela, t\u00e4lja, pyssla eller bara umg\u00e5s.<\/p>\n\n\n\n<figure class=\"wp-block-image size-full is-resized\"><img loading=\"lazy\" decoding=\"async\" width=\"605\" height=\"403\" src=\"https:\/\/ny.argaladei.nu\/wp-content\/uploads\/2025\/01\/1.jpg\" alt=\"\" class=\"wp-image-509\" style=\"width:842px;height:auto\" srcset=\"https:\/\/ny.argaladei.nu\/wp-content\/uploads\/2025\/01\/1.jpg 605w, https:\/\/ny.argaladei.nu\/wp-content\/uploads\/2025\/01\/1-300x200.jpg 300w\" sizes=\"(max-width: 605px) 100vw, 605px\" \/><\/figure>\n\n\n\n<p>Varje morgon hade vi kortare samlingar vid elden f\u00f6r att h\u00f6ra vad deltagarna hade t\u00e4nkt g\u00f6ra under dagen. Det blev kanotturer p\u00e5 kanotleden som gick genom Brunnshultadammen, n\u00e5gra f\u00f6rs\u00f6kte sig p\u00e5 fiske andra stannade kvar i l\u00e4gret f\u00f6r att t\u00e4lja, sticka eller bara vara. Argaladei hyrde n\u00e5gra kanoter som alla kunde l\u00e5na, det var ocks\u00e5 m\u00e5nga av deltagarna som hade med egna kanoter\/kajaker. N\u00e5gra hade med supbr\u00e4dor.<\/p>\n\n\n\n<figure class=\"wp-block-image size-large\"><img loading=\"lazy\" decoding=\"async\" width=\"1024\" height=\"576\" src=\"https:\/\/ny.argaladei.nu\/wp-content\/uploads\/2025\/01\/VideoCapture_20250120-115740-1024x576.jpg\" alt=\"\" class=\"wp-image-514\" srcset=\"https:\/\/ny.argaladei.nu\/wp-content\/uploads\/2025\/01\/VideoCapture_20250120-115740-1024x576.jpg 1024w, https:\/\/ny.argaladei.nu\/wp-content\/uploads\/2025\/01\/VideoCapture_20250120-115740-300x169.jpg 300w, https:\/\/ny.argaladei.nu\/wp-content\/uploads\/2025\/01\/VideoCapture_20250120-115740-768x432.jpg 768w, https:\/\/ny.argaladei.nu\/wp-content\/uploads\/2025\/01\/VideoCapture_20250120-115740-1536x864.jpg 1536w, https:\/\/ny.argaladei.nu\/wp-content\/uploads\/2025\/01\/VideoCapture_20250120-115740-2048x1152.jpg 2048w, https:\/\/ny.argaladei.nu\/wp-content\/uploads\/2025\/01\/VideoCapture_20250120-115740-2000x1125.jpg 2000w\" sizes=\"(max-width: 1024px) 100vw, 1024px\" \/><\/figure>\n\n\n\n<p><br>Under dagarna blev det flera paddelturer och d\u00e5 uppt\u00e4cktes det fina badm\u00f6jligheter i forsarna som fanns b\u00e5de uppstr\u00f6ms och nedstr\u00f6ms. M\u00e5nga av oss badade i sm\u00e5 \u201dbubbelpooler\u201d eller fl\u00f6t med forsen flera meter. Det fanns ingen direkt badplats vid l\u00e4gerplatsen, men en bit ifr\u00e5n fanns det en liten fin badbrygga som vi tog oss ett morgon- eller kv\u00e4llsdopp vid. N\u00e5gra gick lite l\u00e4ngre d\u00e4r det fanns en vanlig badplats.<\/p>\n\n\n\n<figure class=\"wp-block-image size-large\"><img loading=\"lazy\" decoding=\"async\" width=\"1024\" height=\"478\" src=\"https:\/\/ny.argaladei.nu\/wp-content\/uploads\/2025\/01\/20240709_125904-1024x478.jpg\" alt=\"\" class=\"wp-image-521\" srcset=\"https:\/\/ny.argaladei.nu\/wp-content\/uploads\/2025\/01\/20240709_125904-1024x478.jpg 1024w, https:\/\/ny.argaladei.nu\/wp-content\/uploads\/2025\/01\/20240709_125904-300x140.jpg 300w, https:\/\/ny.argaladei.nu\/wp-content\/uploads\/2025\/01\/20240709_125904-768x358.jpg 768w, https:\/\/ny.argaladei.nu\/wp-content\/uploads\/2025\/01\/20240709_125904-1536x716.jpg 1536w, https:\/\/ny.argaladei.nu\/wp-content\/uploads\/2025\/01\/20240709_125904-2048x955.jpg 2048w, https:\/\/ny.argaladei.nu\/wp-content\/uploads\/2025\/01\/20240709_125904-2000x933.jpg 2000w\" sizes=\"(max-width: 1024px) 100vw, 1024px\" \/><\/figure>\n\n\n\n<p><br>V\u00e4dret under veckan var verkligen varierande, b\u00e5de regn och sol. En dag fick vi ett kraftigt \u00e5skov\u00e4der, d\u00e4r tom blixten slog ner i ett st\u00e4llverk n\u00e4ra oss. V\u00e5r n\u00e4rmaste granne, som vi ocks\u00e5 fick h\u00e4mta dricksvatten hos, hade str\u00f6mavbrott flera timmar. Detta var n\u00e5got som vi inte alls m\u00e4rkte av, men fick ber\u00e4ttat f\u00f6r oss d\u00e5 n\u00e5gra skulle h\u00e4mta vatten.<\/p>\n\n\n\n<figure class=\"wp-block-image size-large\"><img loading=\"lazy\" decoding=\"async\" width=\"1024\" height=\"478\" src=\"https:\/\/ny.argaladei.nu\/wp-content\/uploads\/2025\/01\/20240709_125749-1024x478.jpg\" alt=\"\" class=\"wp-image-516\" srcset=\"https:\/\/ny.argaladei.nu\/wp-content\/uploads\/2025\/01\/20240709_125749-1024x478.jpg 1024w, https:\/\/ny.argaladei.nu\/wp-content\/uploads\/2025\/01\/20240709_125749-300x140.jpg 300w, https:\/\/ny.argaladei.nu\/wp-content\/uploads\/2025\/01\/20240709_125749-768x358.jpg 768w, https:\/\/ny.argaladei.nu\/wp-content\/uploads\/2025\/01\/20240709_125749-1536x716.jpg 1536w, https:\/\/ny.argaladei.nu\/wp-content\/uploads\/2025\/01\/20240709_125749-2048x955.jpg 2048w, https:\/\/ny.argaladei.nu\/wp-content\/uploads\/2025\/01\/20240709_125749-2000x933.jpg 2000w\" sizes=\"(max-width: 1024px) 100vw, 1024px\" \/><\/figure>\n\n\n\n<p><br>Under \u00e5rets l\u00e4ger var det m\u00e5nga barn och ungdomar med, det var fint att se att de alla tog s\u00e5 bra hand om varandra, de spelade spel, sj\u00f6ng och lekte tillsammans hela veckan. N\u00e4r det regnade som mest h\u00f6ll de till i t\u00e4ltk\u00e5tan vid l\u00e4gerelden eller i det \u201dbl\u00e5a\u201d t\u00e4ltet l\u00e4ngs med den gamla skogsv\u00e4gen.<\/p>\n\n\n\n<figure class=\"wp-block-image size-large\"><img loading=\"lazy\" decoding=\"async\" width=\"1024\" height=\"478\" src=\"https:\/\/ny.argaladei.nu\/wp-content\/uploads\/2025\/01\/20240709_141858-1024x478.jpg\" alt=\"\" class=\"wp-image-517\" srcset=\"https:\/\/ny.argaladei.nu\/wp-content\/uploads\/2025\/01\/20240709_141858-1024x478.jpg 1024w, https:\/\/ny.argaladei.nu\/wp-content\/uploads\/2025\/01\/20240709_141858-300x140.jpg 300w, https:\/\/ny.argaladei.nu\/wp-content\/uploads\/2025\/01\/20240709_141858-768x359.jpg 768w, https:\/\/ny.argaladei.nu\/wp-content\/uploads\/2025\/01\/20240709_141858-1536x717.jpg 1536w, https:\/\/ny.argaladei.nu\/wp-content\/uploads\/2025\/01\/20240709_141858-2048x956.jpg 2048w, https:\/\/ny.argaladei.nu\/wp-content\/uploads\/2025\/01\/20240709_141858-2000x934.jpg 2000w\" sizes=\"(max-width: 1024px) 100vw, 1024px\" \/><\/figure>\n\n\n\n<p><br>P\u00e5 kv\u00e4llarna hade vi v\u00e5r traditionsenliga kv\u00e4llssamling d\u00e4r n\u00e5gra familjer turades om att ansvara f\u00f6r kaffe\/te och fika. H\u00e4r p\u00e5 samlingen ber\u00e4ttades ocks\u00e5 vad vi hade gjort och uppt\u00e4ckt under dagen och vi sj\u00f6ng tillsammans. <\/p>\n\n\n\n<p>Veckans olika aktiviteter var bland annat att hj\u00e4lpas \u00e5t att t\u00e4lja, knyta band, l\u00e4ra sig olika knopar, g\u00e5 v\u00e4xt och blom vandring, vara med och l\u00e4ra sig g\u00f6ra upp eld i naturen, spela instrument, spela spel, leka, sticka, umg\u00e5s, se sp\u00e5r av djur med hj\u00e4lp av uv-ljus och mycket mer.<\/p>\n\n\n\n<figure class=\"wp-block-image size-large\"><img loading=\"lazy\" decoding=\"async\" width=\"1024\" height=\"475\" src=\"https:\/\/ny.argaladei.nu\/wp-content\/uploads\/2025\/01\/20240709_231245-1024x475.jpg\" alt=\"\" class=\"wp-image-515\" srcset=\"https:\/\/ny.argaladei.nu\/wp-content\/uploads\/2025\/01\/20240709_231245-1024x475.jpg 1024w, https:\/\/ny.argaladei.nu\/wp-content\/uploads\/2025\/01\/20240709_231245-300x139.jpg 300w, https:\/\/ny.argaladei.nu\/wp-content\/uploads\/2025\/01\/20240709_231245-768x356.jpg 768w, https:\/\/ny.argaladei.nu\/wp-content\/uploads\/2025\/01\/20240709_231245-1536x713.jpg 1536w, https:\/\/ny.argaladei.nu\/wp-content\/uploads\/2025\/01\/20240709_231245-2048x950.jpg 2048w, https:\/\/ny.argaladei.nu\/wp-content\/uploads\/2025\/01\/20240709_231245-2000x928.jpg 2000w\" sizes=\"(max-width: 1024px) 100vw, 1024px\" \/><figcaption class=\"wp-element-caption\">Lysmask i m\u00f6rkret<\/figcaption><\/figure>\n\n\n\n<p><br>P\u00e5 n\u00e5gra av v\u00e5ra kv\u00e4llssamlingar fick vi bes\u00f6k, dels av Margaretha Rosell som ber\u00e4ttade om hur platsen vid Brunnshultadammen sett ut innan den d\u00e4mdes upp och hon hade ocks\u00e5 med en stor j\u00e4rngryta som det hade kokats m\u00e5nga kr\u00e4ftor i. N\u00e5gra dagar senare bes\u00f6kte n\u00e5gra av oss henne f\u00f6r att f\u00e5 m\u00f6jlighet att h\u00f6ra hennes ber\u00e4ttelse mer ing\u00e5ende. Vi hade ocks\u00e5 bes\u00f6k av v\u00e5r granne som vi fick h\u00e4mta vatten hos och \u00e4ven v\u00e5r mark\u00e4gare Andreas och hans familj kom till en av v\u00e5ra kv\u00e4llssamlingar.<\/p>\n\n\n\n<figure class=\"wp-block-image size-full is-resized\"><img loading=\"lazy\" decoding=\"async\" width=\"605\" height=\"403\" src=\"https:\/\/ny.argaladei.nu\/wp-content\/uploads\/2025\/01\/2.jpg\" alt=\"\" class=\"wp-image-510\" style=\"width:839px;height:auto\" srcset=\"https:\/\/ny.argaladei.nu\/wp-content\/uploads\/2025\/01\/2.jpg 605w, https:\/\/ny.argaladei.nu\/wp-content\/uploads\/2025\/01\/2-300x200.jpg 300w\" sizes=\"(max-width: 605px) 100vw, 605px\" \/><\/figure>\n\n\n\n<p>Sista dagen gick det \u00e5rliga b\u00e5tracet d\u00e4r \u00e4garen till den vinnande b\u00e5ten f\u00e5r m\u00f6jlighet att arrangera n\u00e4sta \u00e5rs sommarl\u00e4ger. Annika hade den vinnande b\u00e5ten, s\u00e5 det \u00e4r bara att v\u00e4nta och se vart n\u00e4sta \u00e5rs l\u00e4ger kommer att bli.<\/p>\n\n\n\n<figure class=\"wp-block-image size-full is-resized\"><img loading=\"lazy\" decoding=\"async\" width=\"605\" height=\"403\" src=\"https:\/\/ny.argaladei.nu\/wp-content\/uploads\/2025\/01\/3.jpg\" alt=\"\" class=\"wp-image-511\" style=\"width:838px;height:auto\" srcset=\"https:\/\/ny.argaladei.nu\/wp-content\/uploads\/2025\/01\/3.jpg 605w, https:\/\/ny.argaladei.nu\/wp-content\/uploads\/2025\/01\/3-300x200.jpg 300w\" sizes=\"(max-width: 605px) 100vw, 605px\" \/><\/figure>\n\n\n\n<p><br>Sista kv\u00e4llen hade vi vid kv\u00e4llssamlingen v\u00e5r avslutningsbuff\u00e9 d\u00e4r vi alla bidrar med det vi har kvar av sitt matf\u00f6rr\u00e5d. Vi hj\u00e4lptes \u00e5t att underh\u00e5lla varandra, n\u00e5gra av oss sj\u00f6ng nyskrivna s\u00e5nger\/ber\u00e4ttelser om \u00e5rets l\u00e4gervecka, poesi i form av h\u00e4ndelser fr\u00e5n m\u00e5nga \u00e5rs l\u00e4gerveckor och andra bidrog med vad de gjort under veckan och dagen. Vi avslutade med j\u00e4ttetrevlig dans och musik vid och p\u00e5 v\u00e4gen.<\/p>\n\n\n\n<figure class=\"wp-block-image size-large\"><img loading=\"lazy\" decoding=\"async\" width=\"1024\" height=\"576\" src=\"https:\/\/ny.argaladei.nu\/wp-content\/uploads\/2025\/01\/VideoCapture_20250120-120021-1024x576.jpg\" alt=\"\" class=\"wp-image-518\" srcset=\"https:\/\/ny.argaladei.nu\/wp-content\/uploads\/2025\/01\/VideoCapture_20250120-120021-1024x576.jpg 1024w, https:\/\/ny.argaladei.nu\/wp-content\/uploads\/2025\/01\/VideoCapture_20250120-120021-300x169.jpg 300w, https:\/\/ny.argaladei.nu\/wp-content\/uploads\/2025\/01\/VideoCapture_20250120-120021-768x432.jpg 768w, https:\/\/ny.argaladei.nu\/wp-content\/uploads\/2025\/01\/VideoCapture_20250120-120021-1536x864.jpg 1536w, https:\/\/ny.argaladei.nu\/wp-content\/uploads\/2025\/01\/VideoCapture_20250120-120021-2048x1152.jpg 2048w, https:\/\/ny.argaladei.nu\/wp-content\/uploads\/2025\/01\/VideoCapture_20250120-120021-2000x1125.jpg 2000w\" sizes=\"(max-width: 1024px) 100vw, 1024px\" \/><\/figure>\n\n\n\n<figure class=\"wp-block-image size-large\"><img loading=\"lazy\" decoding=\"async\" width=\"1024\" height=\"576\" src=\"https:\/\/ny.argaladei.nu\/wp-content\/uploads\/2025\/01\/VideoCapture_20250120-121508-1024x576.jpg\" alt=\"\" class=\"wp-image-519\" srcset=\"https:\/\/ny.argaladei.nu\/wp-content\/uploads\/2025\/01\/VideoCapture_20250120-121508-1024x576.jpg 1024w, https:\/\/ny.argaladei.nu\/wp-content\/uploads\/2025\/01\/VideoCapture_20250120-121508-300x169.jpg 300w, https:\/\/ny.argaladei.nu\/wp-content\/uploads\/2025\/01\/VideoCapture_20250120-121508-768x432.jpg 768w, https:\/\/ny.argaladei.nu\/wp-content\/uploads\/2025\/01\/VideoCapture_20250120-121508-1536x864.jpg 1536w, https:\/\/ny.argaladei.nu\/wp-content\/uploads\/2025\/01\/VideoCapture_20250120-121508-2048x1152.jpg 2048w, https:\/\/ny.argaladei.nu\/wp-content\/uploads\/2025\/01\/VideoCapture_20250120-121508-2000x1125.jpg 2000w\" sizes=\"(max-width: 1024px) 100vw, 1024px\" \/><\/figure>\n\n\n\n<figure class=\"wp-block-image size-large\"><img loading=\"lazy\" decoding=\"async\" width=\"1024\" height=\"576\" src=\"https:\/\/ny.argaladei.nu\/wp-content\/uploads\/2025\/01\/VideoCapture_20250120-121416-1024x576.jpg\" alt=\"\" class=\"wp-image-520\" srcset=\"https:\/\/ny.argaladei.nu\/wp-content\/uploads\/2025\/01\/VideoCapture_20250120-121416-1024x576.jpg 1024w, https:\/\/ny.argaladei.nu\/wp-content\/uploads\/2025\/01\/VideoCapture_20250120-121416-300x169.jpg 300w, https:\/\/ny.argaladei.nu\/wp-content\/uploads\/2025\/01\/VideoCapture_20250120-121416-768x432.jpg 768w, https:\/\/ny.argaladei.nu\/wp-content\/uploads\/2025\/01\/VideoCapture_20250120-121416-1536x864.jpg 1536w, https:\/\/ny.argaladei.nu\/wp-content\/uploads\/2025\/01\/VideoCapture_20250120-121416-2048x1152.jpg 2048w, https:\/\/ny.argaladei.nu\/wp-content\/uploads\/2025\/01\/VideoCapture_20250120-121416-2000x1125.jpg 2000w\" sizes=\"(max-width: 1024px) 100vw, 1024px\" \/><\/figure>\n\n\n\n<p><br>L\u00e4gerveckan avslutades med att vi alla deltagare tillsammans hj\u00e4lptes \u00e5t att st\u00e4da och g\u00f6ra platsen s\u00e5 fin som m\u00f6jligt, det ska helst inte synas att vi varit d\u00e4r. Vi hade en kort samling d\u00e4r vi kramade varandra hejd\u00e5 och sedan var veckan slut. <\/p>\n\n\n\n<p>Vi l\u00e4ngtar redan nu till n\u00e4sta \u00e5rs l\u00e4ger!<br>H\u00e4lsningar Ken, Idun och Ann-Charlotte<\/p>\n","protected":false},"excerpt":{"rendered":"<p>Sommarl\u00e4gret h\u00f6lls den 6-13 juli vid Brunnshultadammen i Vetlanda kommun. Vi som arrangerade var Ken, Ann-Charlotte och Idun. Tack vare mycket hj\u00e4lp och st\u00f6ttning av Argaladeis styrelse, v\u00e5gade vi oss p\u00e5 att arrangera l\u00e4gret. Vi blev 51 personer, b\u00e5de vuxna och barn. Platsen hittade vi efter att vi fr\u00e5gat runt bland sl\u00e4kt och v\u00e4nner. Sm\u00e5land &hellip; <\/p>\n<p class=\"link-more\"><a href=\"https:\/\/ny.argaladei.nu\/?p=507\" class=\"more-link\">L\u00e4s mer<span class=\"screen-reader-text\"> \u201dAnn-Charlotte Larsson : Argaladeis sommarl\u00e4ger 2024\u201d<\/span><\/a><\/p>\n","protected":false},"author":1,"featured_media":508,"comment_status":"open","ping_status":"open","sticky":false,"template":"","format":"standard","meta":{"footnotes":""},"categories":[9],"tags":[],"yoast_head":"<!-- This site is optimized with the Yoast SEO plugin v23.3 - https:\/\/yoast.com\/wordpress\/plugins\/seo\/ -->\n<title>Ann-Charlotte Larsson : Argaladeis sommarl\u00e4ger 2024 - Argaladei<\/title>\n<meta name=\"robots\" content=\"index, follow, max-snippet:-1, max-image-preview:large, max-video-preview:-1\" \/>\n<link rel=\"canonical\" href=\"https:\/\/ny.argaladei.nu\/?p=507\" \/>\n<meta property=\"og:locale\" content=\"sv_SE\" \/>\n<meta property=\"og:type\" content=\"article\" \/>\n<meta property=\"og:title\" content=\"Ann-Charlotte Larsson : Argaladeis sommarl\u00e4ger 2024 - Argaladei\" \/>\n<meta property=\"og:description\" content=\"Sommarl\u00e4gret h\u00f6lls den 6-13 juli vid Brunnshultadammen i Vetlanda kommun. Vi som arrangerade var Ken, Ann-Charlotte och Idun. Tack vare mycket hj\u00e4lp och st\u00f6ttning av Argaladeis styrelse, v\u00e5gade vi oss p\u00e5 att arrangera l\u00e4gret. Vi blev 51 personer, b\u00e5de vuxna och barn. Platsen hittade vi efter att vi fr\u00e5gat runt bland sl\u00e4kt och v\u00e4nner. Sm\u00e5land &hellip; L\u00e4s mer \u201dAnn-Charlotte Larsson : Argaladeis sommarl\u00e4ger 2024\u201d\" \/>\n<meta property=\"og:url\" content=\"https:\/\/ny.argaladei.nu\/?p=507\" \/>\n<meta property=\"og:site_name\" content=\"Argaladei\" \/>\n<meta property=\"article:publisher\" content=\"https:\/\/www.facebook.com\/profile.php?id=100064881722220\" \/>\n<meta property=\"article:published_time\" content=\"2025-01-20T11:18:20+00:00\" \/>\n<meta property=\"article:modified_time\" content=\"2025-01-21T16:30:02+00:00\" \/>\n<meta property=\"og:image\" content=\"https:\/\/ny.argaladei.nu\/wp-content\/uploads\/2025\/01\/20240709_220618-scaled.jpg\" \/>\n\t<meta property=\"og:image:width\" content=\"2560\" \/>\n\t<meta property=\"og:image:height\" content=\"1194\" \/>\n\t<meta property=\"og:image:type\" content=\"image\/jpeg\" \/>\n<meta name=\"author\" content=\"Ken\" \/>\n<meta name=\"twitter:card\" content=\"summary_large_image\" \/>\n<meta name=\"twitter:label1\" content=\"Skriven av\" \/>\n\t<meta name=\"twitter:data1\" content=\"Ken\" \/>\n\t<meta name=\"twitter:label2\" content=\"Ber\u00e4knad l\u00e4stid\" \/>\n\t<meta name=\"twitter:data2\" content=\"8 minuter\" \/>\n<script type=\"application\/ld+json\" class=\"yoast-schema-graph\">{\"@context\":\"https:\/\/schema.org\",\"@graph\":[{\"@type\":\"Article\",\"@id\":\"https:\/\/ny.argaladei.nu\/?p=507#article\",\"isPartOf\":{\"@id\":\"https:\/\/ny.argaladei.nu\/?p=507\"},\"author\":{\"name\":\"Ken\",\"@id\":\"https:\/\/ny.argaladei.nu\/#\/schema\/person\/3cb520c16f79f94055b8fab65b3b6afa\"},\"headline\":\"Ann-Charlotte Larsson : Argaladeis sommarl\u00e4ger 2024\",\"datePublished\":\"2025-01-20T11:18:20+00:00\",\"dateModified\":\"2025-01-21T16:30:02+00:00\",\"mainEntityOfPage\":{\"@id\":\"https:\/\/ny.argaladei.nu\/?p=507\"},\"wordCount\":1192,\"commentCount\":0,\"publisher\":{\"@id\":\"https:\/\/ny.argaladei.nu\/#organization\"},\"image\":{\"@id\":\"https:\/\/ny.argaladei.nu\/?p=507#primaryimage\"},\"thumbnailUrl\":\"https:\/\/ny.argaladei.nu\/wp-content\/uploads\/2025\/01\/20240709_220618-scaled.jpg\",\"articleSection\":[\"Ber\u00e4ttelserna\"],\"inLanguage\":\"sv-SE\",\"potentialAction\":[{\"@type\":\"CommentAction\",\"name\":\"Comment\",\"target\":[\"https:\/\/ny.argaladei.nu\/?p=507#respond\"]}]},{\"@type\":\"WebPage\",\"@id\":\"https:\/\/ny.argaladei.nu\/?p=507\",\"url\":\"https:\/\/ny.argaladei.nu\/?p=507\",\"name\":\"Ann-Charlotte Larsson : Argaladeis sommarl\u00e4ger 2024 - Argaladei\",\"isPartOf\":{\"@id\":\"https:\/\/ny.argaladei.nu\/#website\"},\"primaryImageOfPage\":{\"@id\":\"https:\/\/ny.argaladei.nu\/?p=507#primaryimage\"},\"image\":{\"@id\":\"https:\/\/ny.argaladei.nu\/?p=507#primaryimage\"},\"thumbnailUrl\":\"https:\/\/ny.argaladei.nu\/wp-content\/uploads\/2025\/01\/20240709_220618-scaled.jpg\",\"datePublished\":\"2025-01-20T11:18:20+00:00\",\"dateModified\":\"2025-01-21T16:30:02+00:00\",\"breadcrumb\":{\"@id\":\"https:\/\/ny.argaladei.nu\/?p=507#breadcrumb\"},\"inLanguage\":\"sv-SE\",\"potentialAction\":[{\"@type\":\"ReadAction\",\"target\":[\"https:\/\/ny.argaladei.nu\/?p=507\"]}]},{\"@type\":\"ImageObject\",\"inLanguage\":\"sv-SE\",\"@id\":\"https:\/\/ny.argaladei.nu\/?p=507#primaryimage\",\"url\":\"https:\/\/ny.argaladei.nu\/wp-content\/uploads\/2025\/01\/20240709_220618-scaled.jpg\",\"contentUrl\":\"https:\/\/ny.argaladei.nu\/wp-content\/uploads\/2025\/01\/20240709_220618-scaled.jpg\",\"width\":2560,\"height\":1194},{\"@type\":\"BreadcrumbList\",\"@id\":\"https:\/\/ny.argaladei.nu\/?p=507#breadcrumb\",\"itemListElement\":[{\"@type\":\"ListItem\",\"position\":1,\"name\":\"Home\",\"item\":\"https:\/\/ny.argaladei.nu\/\"},{\"@type\":\"ListItem\",\"position\":2,\"name\":\"Ann-Charlotte Larsson : Argaladeis sommarl\u00e4ger 2024\"}]},{\"@type\":\"WebSite\",\"@id\":\"https:\/\/ny.argaladei.nu\/#website\",\"url\":\"https:\/\/ny.argaladei.nu\/\",\"name\":\"Argaladei\",\"description\":\"Friluftsliv - en livsstil\",\"publisher\":{\"@id\":\"https:\/\/ny.argaladei.nu\/#organization\"},\"potentialAction\":[{\"@type\":\"SearchAction\",\"target\":{\"@type\":\"EntryPoint\",\"urlTemplate\":\"https:\/\/ny.argaladei.nu\/?s={search_term_string}\"},\"query-input\":\"required name=search_term_string\"}],\"inLanguage\":\"sv-SE\"},{\"@type\":\"Organization\",\"@id\":\"https:\/\/ny.argaladei.nu\/#organization\",\"name\":\"Argaladei\",\"url\":\"https:\/\/ny.argaladei.nu\/\",\"logo\":{\"@type\":\"ImageObject\",\"inLanguage\":\"sv-SE\",\"@id\":\"https:\/\/ny.argaladei.nu\/#\/schema\/logo\/image\/\",\"url\":\"https:\/\/ny.argaladei.nu\/wp-content\/uploads\/2023\/09\/Argaladei_Logo.png\",\"contentUrl\":\"https:\/\/ny.argaladei.nu\/wp-content\/uploads\/2023\/09\/Argaladei_Logo.png\",\"width\":800,\"height\":778,\"caption\":\"Argaladei\"},\"image\":{\"@id\":\"https:\/\/ny.argaladei.nu\/#\/schema\/logo\/image\/\"},\"sameAs\":[\"https:\/\/www.facebook.com\/profile.php?id=100064881722220\"]},{\"@type\":\"Person\",\"@id\":\"https:\/\/ny.argaladei.nu\/#\/schema\/person\/3cb520c16f79f94055b8fab65b3b6afa\",\"name\":\"Ken\",\"image\":{\"@type\":\"ImageObject\",\"inLanguage\":\"sv-SE\",\"@id\":\"https:\/\/ny.argaladei.nu\/#\/schema\/person\/image\/\",\"url\":\"https:\/\/secure.gravatar.com\/avatar\/a10ad07065ce57a7fe28adeb170cdd09?s=96&d=mm&r=g\",\"contentUrl\":\"https:\/\/secure.gravatar.com\/avatar\/a10ad07065ce57a7fe28adeb170cdd09?s=96&d=mm&r=g\",\"caption\":\"Ken\"},\"sameAs\":[\"https:\/\/ny.argaladei.nu\"],\"url\":\"https:\/\/ny.argaladei.nu\/?author=1\"}]}<\/script>\n<!-- \/ Yoast SEO plugin. -->","yoast_head_json":{"title":"Ann-Charlotte Larsson : Argaladeis sommarl\u00e4ger 2024 - Argaladei","robots":{"index":"index","follow":"follow","max-snippet":"max-snippet:-1","max-image-preview":"max-image-preview:large","max-video-preview":"max-video-preview:-1"},"canonical":"https:\/\/ny.argaladei.nu\/?p=507","og_locale":"sv_SE","og_type":"article","og_title":"Ann-Charlotte Larsson : Argaladeis sommarl\u00e4ger 2024 - Argaladei","og_description":"Sommarl\u00e4gret h\u00f6lls den 6-13 juli vid Brunnshultadammen i Vetlanda kommun. Vi som arrangerade var Ken, Ann-Charlotte och Idun. Tack vare mycket hj\u00e4lp och st\u00f6ttning av Argaladeis styrelse, v\u00e5gade vi oss p\u00e5 att arrangera l\u00e4gret. Vi blev 51 personer, b\u00e5de vuxna och barn. Platsen hittade vi efter att vi fr\u00e5gat runt bland sl\u00e4kt och v\u00e4nner. Sm\u00e5land &hellip; L\u00e4s mer \u201dAnn-Charlotte Larsson : Argaladeis sommarl\u00e4ger 2024\u201d","og_url":"https:\/\/ny.argaladei.nu\/?p=507","og_site_name":"Argaladei","article_publisher":"https:\/\/www.facebook.com\/profile.php?id=100064881722220","article_published_time":"2025-01-20T11:18:20+00:00","article_modified_time":"2025-01-21T16:30:02+00:00","og_image":[{"width":2560,"height":1194,"url":"https:\/\/ny.argaladei.nu\/wp-content\/uploads\/2025\/01\/20240709_220618-scaled.jpg","type":"image\/jpeg"}],"author":"Ken","twitter_card":"summary_large_image","twitter_misc":{"Skriven av":"Ken","Ber\u00e4knad l\u00e4stid":"8 minuter"},"schema":{"@context":"https:\/\/schema.org","@graph":[{"@type":"Article","@id":"https:\/\/ny.argaladei.nu\/?p=507#article","isPartOf":{"@id":"https:\/\/ny.argaladei.nu\/?p=507"},"author":{"name":"Ken","@id":"https:\/\/ny.argaladei.nu\/#\/schema\/person\/3cb520c16f79f94055b8fab65b3b6afa"},"headline":"Ann-Charlotte Larsson : Argaladeis sommarl\u00e4ger 2024","datePublished":"2025-01-20T11:18:20+00:00","dateModified":"2025-01-21T16:30:02+00:00","mainEntityOfPage":{"@id":"https:\/\/ny.argaladei.nu\/?p=507"},"wordCount":1192,"commentCount":0,"publisher":{"@id":"https:\/\/ny.argaladei.nu\/#organization"},"image":{"@id":"https:\/\/ny.argaladei.nu\/?p=507#primaryimage"},"thumbnailUrl":"https:\/\/ny.argaladei.nu\/wp-content\/uploads\/2025\/01\/20240709_220618-scaled.jpg","articleSection":["Ber\u00e4ttelserna"],"inLanguage":"sv-SE","potentialAction":[{"@type":"CommentAction","name":"Comment","target":["https:\/\/ny.argaladei.nu\/?p=507#respond"]}]},{"@type":"WebPage","@id":"https:\/\/ny.argaladei.nu\/?p=507","url":"https:\/\/ny.argaladei.nu\/?p=507","name":"Ann-Charlotte Larsson : Argaladeis sommarl\u00e4ger 2024 - Argaladei","isPartOf":{"@id":"https:\/\/ny.argaladei.nu\/#website"},"primaryImageOfPage":{"@id":"https:\/\/ny.argaladei.nu\/?p=507#primaryimage"},"image":{"@id":"https:\/\/ny.argaladei.nu\/?p=507#primaryimage"},"thumbnailUrl":"https:\/\/ny.argaladei.nu\/wp-content\/uploads\/2025\/01\/20240709_220618-scaled.jpg","datePublished":"2025-01-20T11:18:20+00:00","dateModified":"2025-01-21T16:30:02+00:00","breadcrumb":{"@id":"https:\/\/ny.argaladei.nu\/?p=507#breadcrumb"},"inLanguage":"sv-SE","potentialAction":[{"@type":"ReadAction","target":["https:\/\/ny.argaladei.nu\/?p=507"]}]},{"@type":"ImageObject","inLanguage":"sv-SE","@id":"https:\/\/ny.argaladei.nu\/?p=507#primaryimage","url":"https:\/\/ny.argaladei.nu\/wp-content\/uploads\/2025\/01\/20240709_220618-scaled.jpg","contentUrl":"https:\/\/ny.argaladei.nu\/wp-content\/uploads\/2025\/01\/20240709_220618-scaled.jpg","width":2560,"height":1194},{"@type":"BreadcrumbList","@id":"https:\/\/ny.argaladei.nu\/?p=507#breadcrumb","itemListElement":[{"@type":"ListItem","position":1,"name":"Home","item":"https:\/\/ny.argaladei.nu\/"},{"@type":"ListItem","position":2,"name":"Ann-Charlotte Larsson : Argaladeis sommarl\u00e4ger 2024"}]},{"@type":"WebSite","@id":"https:\/\/ny.argaladei.nu\/#website","url":"https:\/\/ny.argaladei.nu\/","name":"Argaladei","description":"Friluftsliv - en livsstil","publisher":{"@id":"https:\/\/ny.argaladei.nu\/#organization"},"potentialAction":[{"@type":"SearchAction","target":{"@type":"EntryPoint","urlTemplate":"https:\/\/ny.argaladei.nu\/?s={search_term_string}"},"query-input":"required name=search_term_string"}],"inLanguage":"sv-SE"},{"@type":"Organization","@id":"https:\/\/ny.argaladei.nu\/#organization","name":"Argaladei","url":"https:\/\/ny.argaladei.nu\/","logo":{"@type":"ImageObject","inLanguage":"sv-SE","@id":"https:\/\/ny.argaladei.nu\/#\/schema\/logo\/image\/","url":"https:\/\/ny.argaladei.nu\/wp-content\/uploads\/2023\/09\/Argaladei_Logo.png","contentUrl":"https:\/\/ny.argaladei.nu\/wp-content\/uploads\/2023\/09\/Argaladei_Logo.png","width":800,"height":778,"caption":"Argaladei"},"image":{"@id":"https:\/\/ny.argaladei.nu\/#\/schema\/logo\/image\/"},"sameAs":["https:\/\/www.facebook.com\/profile.php?id=100064881722220"]},{"@type":"Person","@id":"https:\/\/ny.argaladei.nu\/#\/schema\/person\/3cb520c16f79f94055b8fab65b3b6afa","name":"Ken","image":{"@type":"ImageObject","inLanguage":"sv-SE","@id":"https:\/\/ny.argaladei.nu\/#\/schema\/person\/image\/","url":"https:\/\/secure.gravatar.com\/avatar\/a10ad07065ce57a7fe28adeb170cdd09?s=96&d=mm&r=g","contentUrl":"https:\/\/secure.gravatar.com\/avatar\/a10ad07065ce57a7fe28adeb170cdd09?s=96&d=mm&r=g","caption":"Ken"},"sameAs":["https:\/\/ny.argaladei.nu"],"url":"https:\/\/ny.argaladei.nu\/?author=1"}]}},"_links":{"self":[{"href":"https:\/\/ny.argaladei.nu\/index.php?rest_route=\/wp\/v2\/posts\/507"}],"collection":[{"href":"https:\/\/ny.argaladei.nu\/index.php?rest_route=\/wp\/v2\/posts"}],"about":[{"href":"https:\/\/ny.argaladei.nu\/index.php?rest_route=\/wp\/v2\/types\/post"}],"author":[{"embeddable":true,"href":"https:\/\/ny.argaladei.nu\/index.php?rest_route=\/wp\/v2\/users\/1"}],"replies":[{"embeddable":true,"href":"https:\/\/ny.argaladei.nu\/index.php?rest_route=%2Fwp%2Fv2%2Fcomments&post=507"}],"version-history":[{"count":6,"href":"https:\/\/ny.argaladei.nu\/index.php?rest_route=\/wp\/v2\/posts\/507\/revisions"}],"predecessor-version":[{"id":541,"href":"https:\/\/ny.argaladei.nu\/index.php?rest_route=\/wp\/v2\/posts\/507\/revisions\/541"}],"wp:featuredmedia":[{"embeddable":true,"href":"https:\/\/ny.argaladei.nu\/index.php?rest_route=\/wp\/v2\/media\/508"}],"wp:attachment":[{"href":"https:\/\/ny.argaladei.nu\/index.php?rest_route=%2Fwp%2Fv2%2Fmedia&parent=507"}],"wp:term":[{"taxonomy":"category","embeddable":true,"href":"https:\/\/ny.argaladei.nu\/index.php?rest_route=%2Fwp%2Fv2%2Fcategories&post=507"},{"taxonomy":"post_tag","embeddable":true,"href":"https:\/\/ny.argaladei.nu\/index.php?rest_route=%2Fwp%2Fv2%2Ftags&post=507"}],"curies":[{"name":"wp","href":"https:\/\/api.w.org\/{rel}","templated":true}]}}