{"id":577,"date":"2025-06-01T11:51:44","date_gmt":"2025-06-01T09:51:44","guid":{"rendered":"https:\/\/ny.argaladei.nu\/?p=577"},"modified":"2025-06-01T17:23:21","modified_gmt":"2025-06-01T15:23:21","slug":"kanotfard-vaster-om-gallivare-med-argaladeivanner","status":"publish","type":"post","link":"https:\/\/ny.argaladei.nu\/?p=577","title":{"rendered":"Kanotf\u00e4rd v\u00e4ster om G\u00e4llivare med argaladeiv\u00e4nner 2021"},"content":{"rendered":"\n<p><\/p>\n\n\n\n<p class=\"has-large-font-size\">Dag Lund\u00e9n skriver h\u00e4r om sina upplevelser fr\u00e5n en nordlig f\u00e4rd i en av Nordens st\u00f6rsta och or\u00f6rda vildmarksomr\u00e5den<\/p>\n\n\n\n<p><\/p>\n\n\n\n<p>Midsommarafton 2021 paddlade jag och n\u00e5gra v\u00e4nner p\u00e5 en \u00e4lv i norra Norrland under en 14-dagarstur. \u00c4lven ligger n\u00e5gra mil v\u00e4ster om G\u00e4llivare och det \u00e4r en av f\u00e5 platser i Sverige som saknar mobilt\u00e4ckning. Glesbefolkat \u00e4r en \u00f6verdrift. Folktomt \u00e4r ett b\u00e4ttre begrepp!<\/p>\n\n\n\n<p>Gruppen p\u00e5 \u00e5tta personer bestod till h\u00e4lften av personer jag l\u00e4rt k\u00e4nna under den av Argaladei anordnade forspaddlingskursen Motv\u00e5g som 1988 arrangerades p\u00e5 Lais\u00e4lven. Flera var ocks\u00e5 scouter kopplade till Equmenia.<\/p>\n\n\n\n<p>Vi hade f\u00e4rdats under tre dygn och burit och sl\u00e4pat v\u00e5r packning och kanoter \u00f6ver v\u00e4gl\u00f6sa fj\u00e4lln\u00e4ra tallhedar och myrar. Nu hade vi n\u00e5tt fram till den f\u00f6rsta av st\u00f6rre och mindre sj\u00f6ar i den 30 mil l\u00e5nga \u00e4lven som skulle bli v\u00e5r v\u00e4g genom en av Nordens st\u00f6rsta och or\u00f6rda sammanh\u00e4ngande vildmarksomr\u00e5den. <\/p>\n\n\n\n<p><strong>F\u00e4rdens m\u00f6da gav bel\u00f6ning<\/strong><\/p>\n\n\n\n<p>F\u00f6reg\u00e5ende dags landpassage hade varit en slitsam historia s\u00e5 vi var lite tr\u00f6tta. S\u00e5 n\u00e4r vi v\u00e4l n\u00e5dde den f\u00f6rsta sj\u00f6n i \u00e4lvsystemet s\u00f6kte vi l\u00e4gerplats relativt tidigt. Vi hittade en underbar mjuk ljunghed under 300-\u00e5riga tallar som aldrig upplevt vare sig motors\u00e5g eller sk\u00f6rdare. <\/p>\n\n\n\n<figure class=\"wp-block-image size-large\"><img loading=\"lazy\" decoding=\"async\" width=\"1024\" height=\"768\" src=\"https:\/\/ny.argaladei.nu\/wp-content\/uploads\/2025\/06\/P6190073-DL-1-1024x768.jpg\" alt=\"\" class=\"wp-image-583\" srcset=\"https:\/\/ny.argaladei.nu\/wp-content\/uploads\/2025\/06\/P6190073-DL-1-1024x768.jpg 1024w, https:\/\/ny.argaladei.nu\/wp-content\/uploads\/2025\/06\/P6190073-DL-1-300x225.jpg 300w, https:\/\/ny.argaladei.nu\/wp-content\/uploads\/2025\/06\/P6190073-DL-1-768x576.jpg 768w, https:\/\/ny.argaladei.nu\/wp-content\/uploads\/2025\/06\/P6190073-DL-1-1536x1152.jpg 1536w, https:\/\/ny.argaladei.nu\/wp-content\/uploads\/2025\/06\/P6190073-DL-1-2048x1536.jpg 2048w, https:\/\/ny.argaladei.nu\/wp-content\/uploads\/2025\/06\/P6190073-DL-1-2000x1500.jpg 2000w\" sizes=\"(max-width: 1024px) 100vw, 1024px\" \/><\/figure>\n\n\n\n<p>Efter l\u00e4gerslagning s\u00f6kte sig flera av oss ut i v\u00e5ra kanoter med kastsp\u00f6t i handen f\u00f6r att pr\u00f6va lyckan. N\u00e5gra blev lyckliga, andra inte, men alla fick en rej\u00e4l bit halstrad g\u00e4dda eller abborre att \u00e4ta&nbsp;n\u00e4r vi vid l\u00e4gerelden lite senare tillagade v\u00e5r middag och drack v\u00e5rt kv\u00e4llste.<\/p>\n\n\n\n<p>Skymningen b\u00f6rjade komma n\u00e4r vi b\u00f6rjade s\u00f6ka oss till sovs\u00e4cken, men det blir aldrig helt m\u00f6rkt vid denna tid p\u00e5 \u00e5ret s\u00e5 h\u00e4r straxt norr om polcirkeln. Ist\u00e4llet b\u00f6rjade \u00e4lvorna dansa \u00f6ver sj\u00f6n med en fond av vidstr\u00e4ckta or\u00f6rda fj\u00e4lln\u00e4ra urskogar, uppstickande toppar och vidstr\u00e4ckta vyer&#8230;<\/p>\n\n\n\n<p>Detta lovade att bli en fantastisk f\u00e4rd genom ett unikt naturomr\u00e5de med upplevelser ut\u00f6ver det vanliga. Eller s\u00e5 kan man uttrycka det som en m\u00e4ktig upplevelse och f\u00e4rd genom Guds unika och fantastiska skapelse. Det var med stor tacksamhet och \u00f6dmjukhet som jag kr\u00f6p in i min sovs\u00e4ck f\u00f6r n\u00e5gra timmars s\u00f6mn den natten &#8230;<\/p>\n\n\n\n<p class=\"has-small-font-size\">\/Text och foto: Dag Lund\u00e9n<\/p>\n","protected":false},"excerpt":{"rendered":"<p>Dag Lund\u00e9n skriver h\u00e4r om sina upplevelser fr\u00e5n en nordlig f\u00e4rd i en av Nordens st\u00f6rsta och or\u00f6rda vildmarksomr\u00e5den Midsommarafton 2021 paddlade jag och n\u00e5gra v\u00e4nner p\u00e5 en \u00e4lv i norra Norrland under en 14-dagarstur. \u00c4lven ligger n\u00e5gra mil v\u00e4ster om G\u00e4llivare och det \u00e4r en av f\u00e5 platser i Sverige som saknar mobilt\u00e4ckning. Glesbefolkat &hellip; <\/p>\n<p class=\"link-more\"><a href=\"https:\/\/ny.argaladei.nu\/?p=577\" class=\"more-link\">L\u00e4s mer<span class=\"screen-reader-text\"> \u201dKanotf\u00e4rd v\u00e4ster om G\u00e4llivare med argaladeiv\u00e4nner 2021\u201d<\/span><\/a><\/p>\n","protected":false},"author":7,"featured_media":581,"comment_status":"open","ping_status":"open","sticky":false,"template":"","format":"standard","meta":{"footnotes":""},"categories":[9,7],"tags":[],"yoast_head":"<!-- This site is optimized with the Yoast SEO plugin v23.3 - https:\/\/yoast.com\/wordpress\/plugins\/seo\/ -->\n<title>Kanotf\u00e4rd v\u00e4ster om G\u00e4llivare med argaladeiv\u00e4nner 2021 - Argaladei<\/title>\n<meta name=\"robots\" content=\"index, follow, max-snippet:-1, max-image-preview:large, max-video-preview:-1\" \/>\n<link rel=\"canonical\" href=\"https:\/\/ny.argaladei.nu\/?p=577\" \/>\n<meta property=\"og:locale\" content=\"sv_SE\" \/>\n<meta property=\"og:type\" content=\"article\" \/>\n<meta property=\"og:title\" content=\"Kanotf\u00e4rd v\u00e4ster om G\u00e4llivare med argaladeiv\u00e4nner 2021 - Argaladei\" \/>\n<meta property=\"og:description\" content=\"Dag Lund\u00e9n skriver h\u00e4r om sina upplevelser fr\u00e5n en nordlig f\u00e4rd i en av Nordens st\u00f6rsta och or\u00f6rda vildmarksomr\u00e5den Midsommarafton 2021 paddlade jag och n\u00e5gra v\u00e4nner p\u00e5 en \u00e4lv i norra Norrland under en 14-dagarstur. \u00c4lven ligger n\u00e5gra mil v\u00e4ster om G\u00e4llivare och det \u00e4r en av f\u00e5 platser i Sverige som saknar mobilt\u00e4ckning. Glesbefolkat &hellip; L\u00e4s mer \u201dKanotf\u00e4rd v\u00e4ster om G\u00e4llivare med argaladeiv\u00e4nner 2021\u201d\" \/>\n<meta property=\"og:url\" content=\"https:\/\/ny.argaladei.nu\/?p=577\" \/>\n<meta property=\"og:site_name\" content=\"Argaladei\" \/>\n<meta property=\"article:publisher\" content=\"https:\/\/www.facebook.com\/profile.php?id=100064881722220\" \/>\n<meta property=\"article:published_time\" content=\"2025-06-01T09:51:44+00:00\" \/>\n<meta property=\"article:modified_time\" content=\"2025-06-01T15:23:21+00:00\" \/>\n<meta property=\"og:image\" content=\"https:\/\/ny.argaladei.nu\/wp-content\/uploads\/2025\/06\/P6220227-D-L-scaled.jpg\" \/>\n\t<meta property=\"og:image:width\" content=\"2560\" \/>\n\t<meta property=\"og:image:height\" content=\"1920\" \/>\n\t<meta property=\"og:image:type\" content=\"image\/jpeg\" \/>\n<meta name=\"author\" content=\"Karin Egholt\" \/>\n<meta name=\"twitter:card\" content=\"summary_large_image\" \/>\n<meta name=\"twitter:label1\" content=\"Skriven av\" \/>\n\t<meta name=\"twitter:data1\" content=\"Karin Egholt\" \/>\n\t<meta name=\"twitter:label2\" content=\"Ber\u00e4knad l\u00e4stid\" \/>\n\t<meta name=\"twitter:data2\" content=\"3 minuter\" \/>\n<script type=\"application\/ld+json\" class=\"yoast-schema-graph\">{\"@context\":\"https:\/\/schema.org\",\"@graph\":[{\"@type\":\"Article\",\"@id\":\"https:\/\/ny.argaladei.nu\/?p=577#article\",\"isPartOf\":{\"@id\":\"https:\/\/ny.argaladei.nu\/?p=577\"},\"author\":{\"name\":\"Karin Egholt\",\"@id\":\"https:\/\/ny.argaladei.nu\/#\/schema\/person\/965b7f978f27cd3810250d812262be8a\"},\"headline\":\"Kanotf\u00e4rd v\u00e4ster om G\u00e4llivare med argaladeiv\u00e4nner 2021\",\"datePublished\":\"2025-06-01T09:51:44+00:00\",\"dateModified\":\"2025-06-01T15:23:21+00:00\",\"mainEntityOfPage\":{\"@id\":\"https:\/\/ny.argaladei.nu\/?p=577\"},\"wordCount\":451,\"commentCount\":0,\"publisher\":{\"@id\":\"https:\/\/ny.argaladei.nu\/#organization\"},\"image\":{\"@id\":\"https:\/\/ny.argaladei.nu\/?p=577#primaryimage\"},\"thumbnailUrl\":\"https:\/\/ny.argaladei.nu\/wp-content\/uploads\/2025\/06\/P6220227-D-L-scaled.jpg\",\"articleSection\":[\"Ber\u00e4ttelserna\",\"P\u00e5 oj\u00e4mn mark\"],\"inLanguage\":\"sv-SE\",\"potentialAction\":[{\"@type\":\"CommentAction\",\"name\":\"Comment\",\"target\":[\"https:\/\/ny.argaladei.nu\/?p=577#respond\"]}]},{\"@type\":\"WebPage\",\"@id\":\"https:\/\/ny.argaladei.nu\/?p=577\",\"url\":\"https:\/\/ny.argaladei.nu\/?p=577\",\"name\":\"Kanotf\u00e4rd v\u00e4ster om G\u00e4llivare med argaladeiv\u00e4nner 2021 - Argaladei\",\"isPartOf\":{\"@id\":\"https:\/\/ny.argaladei.nu\/#website\"},\"primaryImageOfPage\":{\"@id\":\"https:\/\/ny.argaladei.nu\/?p=577#primaryimage\"},\"image\":{\"@id\":\"https:\/\/ny.argaladei.nu\/?p=577#primaryimage\"},\"thumbnailUrl\":\"https:\/\/ny.argaladei.nu\/wp-content\/uploads\/2025\/06\/P6220227-D-L-scaled.jpg\",\"datePublished\":\"2025-06-01T09:51:44+00:00\",\"dateModified\":\"2025-06-01T15:23:21+00:00\",\"breadcrumb\":{\"@id\":\"https:\/\/ny.argaladei.nu\/?p=577#breadcrumb\"},\"inLanguage\":\"sv-SE\",\"potentialAction\":[{\"@type\":\"ReadAction\",\"target\":[\"https:\/\/ny.argaladei.nu\/?p=577\"]}]},{\"@type\":\"ImageObject\",\"inLanguage\":\"sv-SE\",\"@id\":\"https:\/\/ny.argaladei.nu\/?p=577#primaryimage\",\"url\":\"https:\/\/ny.argaladei.nu\/wp-content\/uploads\/2025\/06\/P6220227-D-L-scaled.jpg\",\"contentUrl\":\"https:\/\/ny.argaladei.nu\/wp-content\/uploads\/2025\/06\/P6220227-D-L-scaled.jpg\",\"width\":2560,\"height\":1920,\"caption\":\"OLYMPUS DIGITAL CAMERA\"},{\"@type\":\"BreadcrumbList\",\"@id\":\"https:\/\/ny.argaladei.nu\/?p=577#breadcrumb\",\"itemListElement\":[{\"@type\":\"ListItem\",\"position\":1,\"name\":\"Home\",\"item\":\"https:\/\/ny.argaladei.nu\/\"},{\"@type\":\"ListItem\",\"position\":2,\"name\":\"Kanotf\u00e4rd v\u00e4ster om G\u00e4llivare med argaladeiv\u00e4nner 2021\"}]},{\"@type\":\"WebSite\",\"@id\":\"https:\/\/ny.argaladei.nu\/#website\",\"url\":\"https:\/\/ny.argaladei.nu\/\",\"name\":\"Argaladei\",\"description\":\"Friluftsliv - en livsstil\",\"publisher\":{\"@id\":\"https:\/\/ny.argaladei.nu\/#organization\"},\"potentialAction\":[{\"@type\":\"SearchAction\",\"target\":{\"@type\":\"EntryPoint\",\"urlTemplate\":\"https:\/\/ny.argaladei.nu\/?s={search_term_string}\"},\"query-input\":\"required name=search_term_string\"}],\"inLanguage\":\"sv-SE\"},{\"@type\":\"Organization\",\"@id\":\"https:\/\/ny.argaladei.nu\/#organization\",\"name\":\"Argaladei\",\"url\":\"https:\/\/ny.argaladei.nu\/\",\"logo\":{\"@type\":\"ImageObject\",\"inLanguage\":\"sv-SE\",\"@id\":\"https:\/\/ny.argaladei.nu\/#\/schema\/logo\/image\/\",\"url\":\"https:\/\/ny.argaladei.nu\/wp-content\/uploads\/2023\/09\/Argaladei_Logo.png\",\"contentUrl\":\"https:\/\/ny.argaladei.nu\/wp-content\/uploads\/2023\/09\/Argaladei_Logo.png\",\"width\":800,\"height\":778,\"caption\":\"Argaladei\"},\"image\":{\"@id\":\"https:\/\/ny.argaladei.nu\/#\/schema\/logo\/image\/\"},\"sameAs\":[\"https:\/\/www.facebook.com\/profile.php?id=100064881722220\"]},{\"@type\":\"Person\",\"@id\":\"https:\/\/ny.argaladei.nu\/#\/schema\/person\/965b7f978f27cd3810250d812262be8a\",\"name\":\"Karin Egholt\",\"image\":{\"@type\":\"ImageObject\",\"inLanguage\":\"sv-SE\",\"@id\":\"https:\/\/ny.argaladei.nu\/#\/schema\/person\/image\/\",\"url\":\"https:\/\/secure.gravatar.com\/avatar\/a9d3040b3217f184dde5520de806f457?s=96&d=mm&r=g\",\"contentUrl\":\"https:\/\/secure.gravatar.com\/avatar\/a9d3040b3217f184dde5520de806f457?s=96&d=mm&r=g\",\"caption\":\"Karin Egholt\"},\"url\":\"https:\/\/ny.argaladei.nu\/?author=7\"}]}<\/script>\n<!-- \/ Yoast SEO plugin. -->","yoast_head_json":{"title":"Kanotf\u00e4rd v\u00e4ster om G\u00e4llivare med argaladeiv\u00e4nner 2021 - Argaladei","robots":{"index":"index","follow":"follow","max-snippet":"max-snippet:-1","max-image-preview":"max-image-preview:large","max-video-preview":"max-video-preview:-1"},"canonical":"https:\/\/ny.argaladei.nu\/?p=577","og_locale":"sv_SE","og_type":"article","og_title":"Kanotf\u00e4rd v\u00e4ster om G\u00e4llivare med argaladeiv\u00e4nner 2021 - Argaladei","og_description":"Dag Lund\u00e9n skriver h\u00e4r om sina upplevelser fr\u00e5n en nordlig f\u00e4rd i en av Nordens st\u00f6rsta och or\u00f6rda vildmarksomr\u00e5den Midsommarafton 2021 paddlade jag och n\u00e5gra v\u00e4nner p\u00e5 en \u00e4lv i norra Norrland under en 14-dagarstur. \u00c4lven ligger n\u00e5gra mil v\u00e4ster om G\u00e4llivare och det \u00e4r en av f\u00e5 platser i Sverige som saknar mobilt\u00e4ckning. Glesbefolkat &hellip; L\u00e4s mer \u201dKanotf\u00e4rd v\u00e4ster om G\u00e4llivare med argaladeiv\u00e4nner 2021\u201d","og_url":"https:\/\/ny.argaladei.nu\/?p=577","og_site_name":"Argaladei","article_publisher":"https:\/\/www.facebook.com\/profile.php?id=100064881722220","article_published_time":"2025-06-01T09:51:44+00:00","article_modified_time":"2025-06-01T15:23:21+00:00","og_image":[{"width":2560,"height":1920,"url":"https:\/\/ny.argaladei.nu\/wp-content\/uploads\/2025\/06\/P6220227-D-L-scaled.jpg","type":"image\/jpeg"}],"author":"Karin Egholt","twitter_card":"summary_large_image","twitter_misc":{"Skriven av":"Karin Egholt","Ber\u00e4knad l\u00e4stid":"3 minuter"},"schema":{"@context":"https:\/\/schema.org","@graph":[{"@type":"Article","@id":"https:\/\/ny.argaladei.nu\/?p=577#article","isPartOf":{"@id":"https:\/\/ny.argaladei.nu\/?p=577"},"author":{"name":"Karin Egholt","@id":"https:\/\/ny.argaladei.nu\/#\/schema\/person\/965b7f978f27cd3810250d812262be8a"},"headline":"Kanotf\u00e4rd v\u00e4ster om G\u00e4llivare med argaladeiv\u00e4nner 2021","datePublished":"2025-06-01T09:51:44+00:00","dateModified":"2025-06-01T15:23:21+00:00","mainEntityOfPage":{"@id":"https:\/\/ny.argaladei.nu\/?p=577"},"wordCount":451,"commentCount":0,"publisher":{"@id":"https:\/\/ny.argaladei.nu\/#organization"},"image":{"@id":"https:\/\/ny.argaladei.nu\/?p=577#primaryimage"},"thumbnailUrl":"https:\/\/ny.argaladei.nu\/wp-content\/uploads\/2025\/06\/P6220227-D-L-scaled.jpg","articleSection":["Ber\u00e4ttelserna","P\u00e5 oj\u00e4mn mark"],"inLanguage":"sv-SE","potentialAction":[{"@type":"CommentAction","name":"Comment","target":["https:\/\/ny.argaladei.nu\/?p=577#respond"]}]},{"@type":"WebPage","@id":"https:\/\/ny.argaladei.nu\/?p=577","url":"https:\/\/ny.argaladei.nu\/?p=577","name":"Kanotf\u00e4rd v\u00e4ster om G\u00e4llivare med argaladeiv\u00e4nner 2021 - Argaladei","isPartOf":{"@id":"https:\/\/ny.argaladei.nu\/#website"},"primaryImageOfPage":{"@id":"https:\/\/ny.argaladei.nu\/?p=577#primaryimage"},"image":{"@id":"https:\/\/ny.argaladei.nu\/?p=577#primaryimage"},"thumbnailUrl":"https:\/\/ny.argaladei.nu\/wp-content\/uploads\/2025\/06\/P6220227-D-L-scaled.jpg","datePublished":"2025-06-01T09:51:44+00:00","dateModified":"2025-06-01T15:23:21+00:00","breadcrumb":{"@id":"https:\/\/ny.argaladei.nu\/?p=577#breadcrumb"},"inLanguage":"sv-SE","potentialAction":[{"@type":"ReadAction","target":["https:\/\/ny.argaladei.nu\/?p=577"]}]},{"@type":"ImageObject","inLanguage":"sv-SE","@id":"https:\/\/ny.argaladei.nu\/?p=577#primaryimage","url":"https:\/\/ny.argaladei.nu\/wp-content\/uploads\/2025\/06\/P6220227-D-L-scaled.jpg","contentUrl":"https:\/\/ny.argaladei.nu\/wp-content\/uploads\/2025\/06\/P6220227-D-L-scaled.jpg","width":2560,"height":1920,"caption":"OLYMPUS DIGITAL CAMERA"},{"@type":"BreadcrumbList","@id":"https:\/\/ny.argaladei.nu\/?p=577#breadcrumb","itemListElement":[{"@type":"ListItem","position":1,"name":"Home","item":"https:\/\/ny.argaladei.nu\/"},{"@type":"ListItem","position":2,"name":"Kanotf\u00e4rd v\u00e4ster om G\u00e4llivare med argaladeiv\u00e4nner 2021"}]},{"@type":"WebSite","@id":"https:\/\/ny.argaladei.nu\/#website","url":"https:\/\/ny.argaladei.nu\/","name":"Argaladei","description":"Friluftsliv - en livsstil","publisher":{"@id":"https:\/\/ny.argaladei.nu\/#organization"},"potentialAction":[{"@type":"SearchAction","target":{"@type":"EntryPoint","urlTemplate":"https:\/\/ny.argaladei.nu\/?s={search_term_string}"},"query-input":"required name=search_term_string"}],"inLanguage":"sv-SE"},{"@type":"Organization","@id":"https:\/\/ny.argaladei.nu\/#organization","name":"Argaladei","url":"https:\/\/ny.argaladei.nu\/","logo":{"@type":"ImageObject","inLanguage":"sv-SE","@id":"https:\/\/ny.argaladei.nu\/#\/schema\/logo\/image\/","url":"https:\/\/ny.argaladei.nu\/wp-content\/uploads\/2023\/09\/Argaladei_Logo.png","contentUrl":"https:\/\/ny.argaladei.nu\/wp-content\/uploads\/2023\/09\/Argaladei_Logo.png","width":800,"height":778,"caption":"Argaladei"},"image":{"@id":"https:\/\/ny.argaladei.nu\/#\/schema\/logo\/image\/"},"sameAs":["https:\/\/www.facebook.com\/profile.php?id=100064881722220"]},{"@type":"Person","@id":"https:\/\/ny.argaladei.nu\/#\/schema\/person\/965b7f978f27cd3810250d812262be8a","name":"Karin Egholt","image":{"@type":"ImageObject","inLanguage":"sv-SE","@id":"https:\/\/ny.argaladei.nu\/#\/schema\/person\/image\/","url":"https:\/\/secure.gravatar.com\/avatar\/a9d3040b3217f184dde5520de806f457?s=96&d=mm&r=g","contentUrl":"https:\/\/secure.gravatar.com\/avatar\/a9d3040b3217f184dde5520de806f457?s=96&d=mm&r=g","caption":"Karin Egholt"},"url":"https:\/\/ny.argaladei.nu\/?author=7"}]}},"_links":{"self":[{"href":"https:\/\/ny.argaladei.nu\/index.php?rest_route=\/wp\/v2\/posts\/577"}],"collection":[{"href":"https:\/\/ny.argaladei.nu\/index.php?rest_route=\/wp\/v2\/posts"}],"about":[{"href":"https:\/\/ny.argaladei.nu\/index.php?rest_route=\/wp\/v2\/types\/post"}],"author":[{"embeddable":true,"href":"https:\/\/ny.argaladei.nu\/index.php?rest_route=\/wp\/v2\/users\/7"}],"replies":[{"embeddable":true,"href":"https:\/\/ny.argaladei.nu\/index.php?rest_route=%2Fwp%2Fv2%2Fcomments&post=577"}],"version-history":[{"count":6,"href":"https:\/\/ny.argaladei.nu\/index.php?rest_route=\/wp\/v2\/posts\/577\/revisions"}],"predecessor-version":[{"id":601,"href":"https:\/\/ny.argaladei.nu\/index.php?rest_route=\/wp\/v2\/posts\/577\/revisions\/601"}],"wp:featuredmedia":[{"embeddable":true,"href":"https:\/\/ny.argaladei.nu\/index.php?rest_route=\/wp\/v2\/media\/581"}],"wp:attachment":[{"href":"https:\/\/ny.argaladei.nu\/index.php?rest_route=%2Fwp%2Fv2%2Fmedia&parent=577"}],"wp:term":[{"taxonomy":"category","embeddable":true,"href":"https:\/\/ny.argaladei.nu\/index.php?rest_route=%2Fwp%2Fv2%2Fcategories&post=577"},{"taxonomy":"post_tag","embeddable":true,"href":"https:\/\/ny.argaladei.nu\/index.php?rest_route=%2Fwp%2Fv2%2Ftags&post=577"}],"curies":[{"name":"wp","href":"https:\/\/api.w.org\/{rel}","templated":true}]}}